{"id":104,"date":"2019-09-25T08:55:37","date_gmt":"2019-09-25T12:55:37","guid":{"rendered":"https:\/\/educharlevoix.ca\/ecoresponsable\/?p=104"},"modified":"2025-01-23T16:30:10","modified_gmt":"2025-01-23T15:30:10","slug":"centre-de-services-scolaire-de-charlevoix","status":"publish","type":"post","link":"https:\/\/educharlevoix.ca\/ecoresponsable\/centre-de-services-scolaire-de-charlevoix\/","title":{"rendered":"Centre de services scolaire de Charlevoix"},"content":{"rendered":"<p style=\"text-align: justify;\"><strong><a href=\"https:\/\/www.csscharlevoix.gouv.qc.ca\" target=\"_blank\" rel=\"noopener\">Le Centre de services scolaire de Charlevoix<\/a> dessert les territoires des de\u00a0<a title=\"Charlevoix (municipalit\u00e9 r\u00e9gionale de comt\u00e9)\" href=\"https:\/\/fr.wikipedia.org\/wiki\/Charlevoix_(municipalit%C3%A9_r%C3%A9gionale_de_comt%C3%A9)\" target=\"_blank\" rel=\"noopener\">MRC de Charlevoix<\/a>\u00a0et\u00a0<a title=\"Charlevoix-Est\" href=\"https:\/\/fr.wikipedia.org\/wiki\/Charlevoix-Est\" target=\"_blank\" rel=\"noopener\">MRC de Charlevoix-Est<\/a>\u00a0dans la r\u00e9gion de la\u00a0<a title=\"Capitale-Nationale\" href=\"https:\/\/fr.wikipedia.org\/wiki\/Capitale-Nationale\" target=\"_blank\" rel=\"noopener\">Capitale-Nationale<\/a>. Il offre des services de formation g\u00e9n\u00e9rale au secteur des jeunes, des services d\u2019\u00e9ducation aux adultes et plusieurs programmes de formation professionnelle. Desservant le <a href=\"https:\/\/fr.wikipedia.org\/wiki\/Charlevoix\" target=\"_blank\" rel=\"noopener\">territoire de Charlevoix<\/a>, le CSSDC compte <a href=\"https:\/\/www.csscharlevoix.gouv.qc.ca\/ecoles-primaires\/\" target=\"_blank\" rel=\"noopener\">13 \u00e9coles primaires<\/a>, <a href=\"https:\/\/www.csscharlevoix.gouv.qc.ca\/ecoles-secondaires\/\" target=\"_blank\" rel=\"noopener\">trois \u00e9coles secondaires<\/a> et <a href=\"https:\/\/aviseformation.ca\">un centre de formation des adultes et de formation professionnelle<\/a>. Le Centre de services scolaire a pour mission d\u2019organiser les services \u00e9ducatifs au b\u00e9n\u00e9fice des personnes relevant de sa comp\u00e9tence et de s\u2019assurer de leur qualit\u00e9, de veiller \u00e0 la r\u00e9ussite des \u00e9l\u00e8ves en vue de l\u2019atteinte d\u2019un plus haut niveau de scolarisation et de qualification de la population et de promouvoir et de valoriser l\u2019\u00e9ducation publique sur son territoire. Il a \u00e9galement pour mission de contribuer, dans la mesure pr\u00e9vue par la loi, au d\u00e9veloppement social, culturel et \u00e9conomique de sa r\u00e9gion. <\/strong><strong>Chaque ann\u00e9e, ses quelque 630 employ\u00e9s \u0153uvrent \u00e0 instruire, socialiser et qualifier plus de 3500 personnes. Celles-ci \u00e9tudient dans des environnements inclusifs favorisant l\u2019autonomie en apprentissage, la r\u00e9ussite scolaire, le d\u00e9veloppement du plein potentiel de chacun et l\u2019acquisition des comp\u00e9tences n\u00e9cessaires au XXIe si\u00e8cle.<\/strong><\/p>\n<p>&nbsp;<\/p>\n","protected":false},"excerpt":{"rendered":"<p>Le Centre de services scolaire de Charlevoix dessert les territoires des de\u00a0MRC de Charlevoix\u00a0et\u00a0MRC de Charlevoix-Est\u00a0dans la r\u00e9gion de la\u00a0Capitale-Nationale. Il offre des services de formation g\u00e9n\u00e9rale au secteur des jeunes, des services d\u2019\u00e9ducation aux adultes et plusieurs programmes de formation professionnelle. Desservant le territoire de Charlevoix, le CSSDC compte 13 \u00e9coles primaires, trois \u00e9coles secondaires et un centre de formation des adultes et de formation professionnelle. Le Centre de services scolaire a pour mission d\u2019organiser les services \u00e9ducatifs au b\u00e9n\u00e9fice des personnes relevant de sa comp\u00e9tence et de s\u2019assurer de leur qualit\u00e9, de veiller \u00e0 la r\u00e9ussite des \u00e9l\u00e8ves en vue de l\u2019atteinte d\u2019un plus haut niveau de scolarisation et de qualification de la population et de promouvoir et de valoriser l\u2019\u00e9ducation publique sur son territoire. Il a \u00e9galement pour mission de contribuer, dans la mesure pr\u00e9vue par la loi, au d\u00e9veloppement social, culturel et \u00e9conomique de sa r\u00e9gion. Chaque ann\u00e9e, ses quelque 630 employ\u00e9s \u0153uvrent \u00e0 instruire, socialiser et qualifier plus de 3500 personnes. Celles-ci \u00e9tudient dans des environnements inclusifs favorisant l\u2019autonomie en apprentissage, la r\u00e9ussite scolaire, le d\u00e9veloppement du plein potentiel de chacun et l\u2019acquisition des comp\u00e9tences n\u00e9cessaires au XXIe si\u00e8cle. &nbsp;<\/p>\n","protected":false},"author":1,"featured_media":598,"comment_status":"closed","ping_status":"closed","sticky":true,"template":"","format":"standard","meta":{"footnotes":""},"categories":[6,2],"tags":[],"class_list":["post-104","post","type-post","status-publish","format-standard","has-post-thumbnail","hentry","category-associations-fondations-et-organismes","category-cssdc-virage-vert-demarche-de-developpement-durable-et-ecoresponsable"],"_links":{"self":[{"href":"https:\/\/educharlevoix.ca\/ecoresponsable\/wp-json\/wp\/v2\/posts\/104","targetHints":{"allow":["GET"]}}],"collection":[{"href":"https:\/\/educharlevoix.ca\/ecoresponsable\/wp-json\/wp\/v2\/posts"}],"about":[{"href":"https:\/\/educharlevoix.ca\/ecoresponsable\/wp-json\/wp\/v2\/types\/post"}],"author":[{"embeddable":true,"href":"https:\/\/educharlevoix.ca\/ecoresponsable\/wp-json\/wp\/v2\/users\/1"}],"replies":[{"embeddable":true,"href":"https:\/\/educharlevoix.ca\/ecoresponsable\/wp-json\/wp\/v2\/comments?post=104"}],"version-history":[{"count":3,"href":"https:\/\/educharlevoix.ca\/ecoresponsable\/wp-json\/wp\/v2\/posts\/104\/revisions"}],"predecessor-version":[{"id":776,"href":"https:\/\/educharlevoix.ca\/ecoresponsable\/wp-json\/wp\/v2\/posts\/104\/revisions\/776"}],"wp:featuredmedia":[{"embeddable":true,"href":"https:\/\/educharlevoix.ca\/ecoresponsable\/wp-json\/wp\/v2\/media\/598"}],"wp:attachment":[{"href":"https:\/\/educharlevoix.ca\/ecoresponsable\/wp-json\/wp\/v2\/media?parent=104"}],"wp:term":[{"taxonomy":"category","embeddable":true,"href":"https:\/\/educharlevoix.ca\/ecoresponsable\/wp-json\/wp\/v2\/categories?post=104"},{"taxonomy":"post_tag","embeddable":true,"href":"https:\/\/educharlevoix.ca\/ecoresponsable\/wp-json\/wp\/v2\/tags?post=104"}],"curies":[{"name":"wp","href":"https:\/\/api.w.org\/{rel}","templated":true}]}}