{"id":110,"date":"2019-09-23T16:50:32","date_gmt":"2019-09-23T20:50:32","guid":{"rendered":"https:\/\/educharlevoix.ca\/ecoresponsable\/?p=110"},"modified":"2020-08-23T21:08:40","modified_gmt":"2020-08-23T19:08:40","slug":"recyc-quebec-zone-jeunesse","status":"publish","type":"post","link":"https:\/\/educharlevoix.ca\/ecoresponsable\/recyc-quebec-zone-jeunesse\/","title":{"rendered":"RECYC-QU\u00c9BEC &#8211; Zone jeunesse!"},"content":{"rendered":"<p style=\"text-align: justify;\"><a href=\"https:\/\/www.recyc-quebec.gouv.qc.ca\/citoyens\/mieux-consommer\/zone-jeunesse\" target=\"_blank\" rel=\"noopener noreferrer\">La lutte aux changements climatiques est un sujet dont on parle beaucoup. Tu te demandes peut-\u00eatre comment toi aussi tu peux contribuer \u00e0 prendre soin de nos ressources, devenir un pro du recyclage ou diminuer le gaspillage? Voici justement une section d\u00e9di\u00e9e aux jeunes! La Zone jeunesse de RECYC-Qu\u00e9bec te propose des trucs et astuces, une foule d\u2019informations utiles et quelques statistiques impressionnantes qui font r\u00e9fl\u00e9chir.<\/a><\/p>\n","protected":false},"excerpt":{"rendered":"<p>La lutte aux changements climatiques est un sujet dont on parle beaucoup. Tu te demandes peut-\u00eatre comment toi aussi tu peux contribuer \u00e0 prendre soin de nos ressources, devenir un pro du recyclage ou diminuer le gaspillage? Voici justement une section d\u00e9di\u00e9e aux jeunes! La Zone jeunesse de RECYC-Qu\u00e9bec te propose des trucs et astuces, une foule d\u2019informations utiles et quelques statistiques impressionnantes qui font r\u00e9fl\u00e9chir.<\/p>\n","protected":false},"author":1,"featured_media":651,"comment_status":"closed","ping_status":"closed","sticky":false,"template":"","format":"standard","meta":{"footnotes":""},"categories":[6,2,5],"tags":[],"class_list":["post-110","post","type-post","status-publish","format-standard","has-post-thumbnail","hentry","category-associations-fondations-et-organismes","category-cssdc-virage-vert-demarche-de-developpement-durable-et-ecoresponsable","category-zone-jeunesse-du-citoyen-ecoresponsable"],"_links":{"self":[{"href":"https:\/\/educharlevoix.ca\/ecoresponsable\/wp-json\/wp\/v2\/posts\/110","targetHints":{"allow":["GET"]}}],"collection":[{"href":"https:\/\/educharlevoix.ca\/ecoresponsable\/wp-json\/wp\/v2\/posts"}],"about":[{"href":"https:\/\/educharlevoix.ca\/ecoresponsable\/wp-json\/wp\/v2\/types\/post"}],"author":[{"embeddable":true,"href":"https:\/\/educharlevoix.ca\/ecoresponsable\/wp-json\/wp\/v2\/users\/1"}],"replies":[{"embeddable":true,"href":"https:\/\/educharlevoix.ca\/ecoresponsable\/wp-json\/wp\/v2\/comments?post=110"}],"version-history":[{"count":1,"href":"https:\/\/educharlevoix.ca\/ecoresponsable\/wp-json\/wp\/v2\/posts\/110\/revisions"}],"predecessor-version":[{"id":652,"href":"https:\/\/educharlevoix.ca\/ecoresponsable\/wp-json\/wp\/v2\/posts\/110\/revisions\/652"}],"wp:featuredmedia":[{"embeddable":true,"href":"https:\/\/educharlevoix.ca\/ecoresponsable\/wp-json\/wp\/v2\/media\/651"}],"wp:attachment":[{"href":"https:\/\/educharlevoix.ca\/ecoresponsable\/wp-json\/wp\/v2\/media?parent=110"}],"wp:term":[{"taxonomy":"category","embeddable":true,"href":"https:\/\/educharlevoix.ca\/ecoresponsable\/wp-json\/wp\/v2\/categories?post=110"},{"taxonomy":"post_tag","embeddable":true,"href":"https:\/\/educharlevoix.ca\/ecoresponsable\/wp-json\/wp\/v2\/tags?post=110"}],"curies":[{"name":"wp","href":"https:\/\/api.w.org\/{rel}","templated":true}]}}