{"id":141,"date":"2019-09-21T01:30:00","date_gmt":"2019-09-21T05:30:00","guid":{"rendered":"https:\/\/educharlevoix.ca\/ecoresponsable\/?p=141"},"modified":"2021-07-18T05:53:01","modified_gmt":"2021-07-18T03:53:01","slug":"fondation-monique-fitz-back","status":"publish","type":"post","link":"https:\/\/educharlevoix.ca\/ecoresponsable\/fondation-monique-fitz-back\/","title":{"rendered":"Fondation Monique-Fitz-Back"},"content":{"rendered":"<p style=\"text-align: justify;\"><a href=\"https:\/\/fondationmf.ca\/\" target=\"_blank\" rel=\"noopener noreferrer\">La Fondation Monique Fitz-Back a pour mission de promouvoir l\u2019\u00e9ducation au d\u00e9veloppement durable en milieu scolaire. Elle d\u00e9veloppe et distribue des outils p\u00e9dagogiques, offre du financement et d\u00e9fend les valeurs du r\u00e9seau des \u00c9tablissements verts Brundtland : solidarit\u00e9, pacifisme, d\u00e9mocratie et \u00e9cologie. La Fondation a \u00e9t\u00e9 cr\u00e9\u00e9e afin de poursuivre l\u2019\u0153uvre de Monique-Fitz-Back, cofondatrice du r\u00e9put\u00e9 r\u00e9seau des \u00c9tablissements verts Brundtland (EVB-CSQ), avec la volont\u00e9 d&rsquo;\u00e9pauler ce r\u00e9seau. Concr\u00e8tement, la Fondation : Con\u00e7ois des outils p\u00e9dagogiques, de sensibilisation, de conscientisation et d\u2019engagement du public; finance des projets \u00e9ducatifs mobilisateurs; stimule l\u2019engagement des jeunes et les accompagne dans leurs projets; organise des collectes de fonds cr\u00e9atives pour y parvenir.<\/a><\/p>\n<p style=\"text-align: center;\"><iframe title=\"YouTube video player\" src=\"https:\/\/www.youtube.com\/embed\/3rdr3wcLMmo\" width=\"560\" height=\"315\" frameborder=\"0\" allowfullscreen=\"allowfullscreen\"><\/iframe><\/p>\n<p style=\"text-align: center;\"><iframe title=\"YouTube video player\" src=\"https:\/\/www.youtube.com\/embed\/c_mt5vvgqYU\" width=\"560\" height=\"315\" frameborder=\"0\" allowfullscreen=\"allowfullscreen\"><\/iframe><\/p>\n","protected":false},"excerpt":{"rendered":"<p>La Fondation Monique Fitz-Back a pour mission de promouvoir l\u2019\u00e9ducation au d\u00e9veloppement durable en milieu scolaire. Elle d\u00e9veloppe et distribue des outils p\u00e9dagogiques, offre du financement et d\u00e9fend les valeurs du r\u00e9seau des \u00c9tablissements verts Brundtland : solidarit\u00e9, pacifisme, d\u00e9mocratie et \u00e9cologie. La Fondation a \u00e9t\u00e9 cr\u00e9\u00e9e afin de poursuivre l\u2019\u0153uvre de Monique-Fitz-Back, cofondatrice du r\u00e9put\u00e9 r\u00e9seau des \u00c9tablissements verts Brundtland (EVB-CSQ), avec la volont\u00e9 d&rsquo;\u00e9pauler ce r\u00e9seau. Concr\u00e8tement, la Fondation : Con\u00e7ois des outils p\u00e9dagogiques, de sensibilisation, de conscientisation et d\u2019engagement du public; finance des projets \u00e9ducatifs mobilisateurs; stimule l\u2019engagement des jeunes et les accompagne dans leurs projets; organise des collectes de fonds cr\u00e9atives pour y parvenir.<\/p>\n","protected":false},"author":1,"featured_media":357,"comment_status":"closed","ping_status":"closed","sticky":false,"template":"","format":"standard","meta":{"footnotes":""},"categories":[6,8],"tags":[],"class_list":["post-141","post","type-post","status-publish","format-standard","has-post-thumbnail","hentry","category-associations-fondations-et-organismes","category-education-a-l-environnement-et-a-l-ecocitoyennete"],"_links":{"self":[{"href":"https:\/\/educharlevoix.ca\/ecoresponsable\/wp-json\/wp\/v2\/posts\/141","targetHints":{"allow":["GET"]}}],"collection":[{"href":"https:\/\/educharlevoix.ca\/ecoresponsable\/wp-json\/wp\/v2\/posts"}],"about":[{"href":"https:\/\/educharlevoix.ca\/ecoresponsable\/wp-json\/wp\/v2\/types\/post"}],"author":[{"embeddable":true,"href":"https:\/\/educharlevoix.ca\/ecoresponsable\/wp-json\/wp\/v2\/users\/1"}],"replies":[{"embeddable":true,"href":"https:\/\/educharlevoix.ca\/ecoresponsable\/wp-json\/wp\/v2\/comments?post=141"}],"version-history":[{"count":2,"href":"https:\/\/educharlevoix.ca\/ecoresponsable\/wp-json\/wp\/v2\/posts\/141\/revisions"}],"predecessor-version":[{"id":670,"href":"https:\/\/educharlevoix.ca\/ecoresponsable\/wp-json\/wp\/v2\/posts\/141\/revisions\/670"}],"wp:featuredmedia":[{"embeddable":true,"href":"https:\/\/educharlevoix.ca\/ecoresponsable\/wp-json\/wp\/v2\/media\/357"}],"wp:attachment":[{"href":"https:\/\/educharlevoix.ca\/ecoresponsable\/wp-json\/wp\/v2\/media?parent=141"}],"wp:term":[{"taxonomy":"category","embeddable":true,"href":"https:\/\/educharlevoix.ca\/ecoresponsable\/wp-json\/wp\/v2\/categories?post=141"},{"taxonomy":"post_tag","embeddable":true,"href":"https:\/\/educharlevoix.ca\/ecoresponsable\/wp-json\/wp\/v2\/tags?post=141"}],"curies":[{"name":"wp","href":"https:\/\/api.w.org\/{rel}","templated":true}]}}