{"id":143,"date":"2019-10-02T19:41:14","date_gmt":"2019-10-02T23:41:14","guid":{"rendered":"https:\/\/educharlevoix.ca\/ecoresponsable\/?p=143"},"modified":"2020-08-22T03:37:43","modified_gmt":"2020-08-22T01:37:43","slug":"ecole-secondaire-du-plateau-capsules-du-comite-environnement-des-eleves-engages-a-mettre-en-place-de-saines-habitudes-ecologiques-dans-leur-ecole","status":"publish","type":"post","link":"https:\/\/educharlevoix.ca\/ecoresponsable\/ecole-secondaire-du-plateau-capsules-du-comite-environnement-des-eleves-engages-a-mettre-en-place-de-saines-habitudes-ecologiques-dans-leur-ecole\/","title":{"rendered":"\u00c9cole secondaire du Plateau &#8211; Capsules du comit\u00e9 environnement &#8211; Des \u00e9l\u00e8ves engag\u00e9s \u00e0 mettre en place de saines habitudes \u00e9cologiques dans leur \u00e9cole"},"content":{"rendered":"<p style=\"text-align: justify;\"><a href=\"https:\/\/esdp.ca\/capsules-du-comite-environnement\/\" target=\"_blank\" rel=\"noopener noreferrer\">Compos\u00e9 de 25 \u00e9l\u00e8ves de l\u2019\u00e9cole secondaire du Plateau, le comit\u00e9 environnement cherche \u00e0 sensibiliser \u00e9l\u00e8ves et professeurs \u00e0 l\u2019importance des gestes concrets pour pr\u00e9server l\u2019environnement et r\u00e9duire le gaspillage. En plus de concevoir des vid\u00e9os informatives sur le recyclage, les membres du comit\u00e9 ont mis en place des kiosques de sensibilisation, anim\u00e9 des ateliers dans toutes les \u00e9coles primaires de leur secteur et, lors d\u2019activit\u00e9s et d\u2019\u00e9v\u00e8nements scolaires, partag\u00e9 plusieurs conseils sur les moyens de r\u00e9duire le gaspillage. Les interventions et repr\u00e9sentations des membres du comit\u00e9 environnement ont largement port\u00e9 fruit.<\/a><\/p>\n","protected":false},"excerpt":{"rendered":"<p>Compos\u00e9 de 25 \u00e9l\u00e8ves de l\u2019\u00e9cole secondaire du Plateau, le comit\u00e9 environnement cherche \u00e0 sensibiliser \u00e9l\u00e8ves et professeurs \u00e0 l\u2019importance des gestes concrets pour pr\u00e9server l\u2019environnement et r\u00e9duire le gaspillage. En plus de concevoir des vid\u00e9os informatives sur le recyclage, les membres du comit\u00e9 ont mis en place des kiosques de sensibilisation, anim\u00e9 des ateliers dans toutes les \u00e9coles primaires de leur secteur et, lors d\u2019activit\u00e9s et d\u2019\u00e9v\u00e8nements scolaires, partag\u00e9 plusieurs conseils sur les moyens de r\u00e9duire le gaspillage. Les interventions et repr\u00e9sentations des membres du comit\u00e9 environnement ont largement port\u00e9 fruit.<\/p>\n","protected":false},"author":1,"featured_media":623,"comment_status":"closed","ping_status":"closed","sticky":false,"template":"","format":"standard","meta":{"footnotes":""},"categories":[7,9,5],"tags":[],"class_list":["post-143","post","type-post","status-publish","format-standard","has-post-thumbnail","hentry","category-capsules-videos-sur-l-ecoresponsabilite","category-les-eleves-du-centre-de-services-scolaire-de-charlevoix-en-action","category-zone-jeunesse-du-citoyen-ecoresponsable"],"_links":{"self":[{"href":"https:\/\/educharlevoix.ca\/ecoresponsable\/wp-json\/wp\/v2\/posts\/143","targetHints":{"allow":["GET"]}}],"collection":[{"href":"https:\/\/educharlevoix.ca\/ecoresponsable\/wp-json\/wp\/v2\/posts"}],"about":[{"href":"https:\/\/educharlevoix.ca\/ecoresponsable\/wp-json\/wp\/v2\/types\/post"}],"author":[{"embeddable":true,"href":"https:\/\/educharlevoix.ca\/ecoresponsable\/wp-json\/wp\/v2\/users\/1"}],"replies":[{"embeddable":true,"href":"https:\/\/educharlevoix.ca\/ecoresponsable\/wp-json\/wp\/v2\/comments?post=143"}],"version-history":[{"count":1,"href":"https:\/\/educharlevoix.ca\/ecoresponsable\/wp-json\/wp\/v2\/posts\/143\/revisions"}],"predecessor-version":[{"id":643,"href":"https:\/\/educharlevoix.ca\/ecoresponsable\/wp-json\/wp\/v2\/posts\/143\/revisions\/643"}],"wp:featuredmedia":[{"embeddable":true,"href":"https:\/\/educharlevoix.ca\/ecoresponsable\/wp-json\/wp\/v2\/media\/623"}],"wp:attachment":[{"href":"https:\/\/educharlevoix.ca\/ecoresponsable\/wp-json\/wp\/v2\/media?parent=143"}],"wp:term":[{"taxonomy":"category","embeddable":true,"href":"https:\/\/educharlevoix.ca\/ecoresponsable\/wp-json\/wp\/v2\/categories?post=143"},{"taxonomy":"post_tag","embeddable":true,"href":"https:\/\/educharlevoix.ca\/ecoresponsable\/wp-json\/wp\/v2\/tags?post=143"}],"curies":[{"name":"wp","href":"https:\/\/api.w.org\/{rel}","templated":true}]}}