{"id":145,"date":"2019-10-07T13:08:53","date_gmt":"2019-10-07T17:08:53","guid":{"rendered":"https:\/\/educharlevoix.ca\/ecoresponsable\/?p=145"},"modified":"2022-07-10T13:11:38","modified_gmt":"2022-07-10T11:11:38","slug":"tvco-charlevoix-centre-educatif-saint-aubin-reportage-sur-la-journee-mondiale-pour-le-climat","status":"publish","type":"post","link":"https:\/\/educharlevoix.ca\/ecoresponsable\/tvco-charlevoix-centre-educatif-saint-aubin-reportage-sur-la-journee-mondiale-pour-le-climat\/","title":{"rendered":"TVCO Charlevoix &#8211; Centre \u00e9ducatif Saint-Aubin &#8211; Reportage sur la journ\u00e9e mondiale pour le climat"},"content":{"rendered":"<p style=\"text-align: justify;\">Des activit\u00e9s de sensibilisation et d\u2019\u00e9ducation \u00e0 l\u2019environnement et aux changements climatiques \u00e9taient organis\u00e9es au Centre \u00e9ducatif Saint-Aubin de Baie-Saint-Paul lors de la journ\u00e9e mondiale pour le climat du vendredi 27 septembre 2019.<\/p>\n<p style=\"text-align: center;\"><iframe src=\"https:\/\/www.youtube.com\/embed\/zj2yBg-KUtU\" width=\"560\" height=\"315\" frameborder=\"0\" allowfullscreen=\"allowfullscreen\"><span data-mce-type=\"bookmark\" style=\"display: inline-block; width: 0px; overflow: hidden; line-height: 0;\" class=\"mce_SELRES_start\">\ufeff<\/span><\/iframe><\/p>\n","protected":false},"excerpt":{"rendered":"<p>Des activit\u00e9s de sensibilisation et d\u2019\u00e9ducation \u00e0 l\u2019environnement et aux changements climatiques \u00e9taient organis\u00e9es au Centre \u00e9ducatif Saint-Aubin de Baie-Saint-Paul lors de la journ\u00e9e mondiale pour le climat du vendredi 27 septembre 2019. \ufeff<\/p>\n","protected":false},"author":1,"featured_media":646,"comment_status":"closed","ping_status":"closed","sticky":false,"template":"","format":"standard","meta":{"footnotes":""},"categories":[7,9],"tags":[],"class_list":["post-145","post","type-post","status-publish","format-standard","has-post-thumbnail","hentry","category-capsules-videos-sur-l-ecoresponsabilite","category-les-eleves-du-centre-de-services-scolaire-de-charlevoix-en-action"],"_links":{"self":[{"href":"https:\/\/educharlevoix.ca\/ecoresponsable\/wp-json\/wp\/v2\/posts\/145","targetHints":{"allow":["GET"]}}],"collection":[{"href":"https:\/\/educharlevoix.ca\/ecoresponsable\/wp-json\/wp\/v2\/posts"}],"about":[{"href":"https:\/\/educharlevoix.ca\/ecoresponsable\/wp-json\/wp\/v2\/types\/post"}],"author":[{"embeddable":true,"href":"https:\/\/educharlevoix.ca\/ecoresponsable\/wp-json\/wp\/v2\/users\/1"}],"replies":[{"embeddable":true,"href":"https:\/\/educharlevoix.ca\/ecoresponsable\/wp-json\/wp\/v2\/comments?post=145"}],"version-history":[{"count":1,"href":"https:\/\/educharlevoix.ca\/ecoresponsable\/wp-json\/wp\/v2\/posts\/145\/revisions"}],"predecessor-version":[{"id":645,"href":"https:\/\/educharlevoix.ca\/ecoresponsable\/wp-json\/wp\/v2\/posts\/145\/revisions\/645"}],"wp:featuredmedia":[{"embeddable":true,"href":"https:\/\/educharlevoix.ca\/ecoresponsable\/wp-json\/wp\/v2\/media\/646"}],"wp:attachment":[{"href":"https:\/\/educharlevoix.ca\/ecoresponsable\/wp-json\/wp\/v2\/media?parent=145"}],"wp:term":[{"taxonomy":"category","embeddable":true,"href":"https:\/\/educharlevoix.ca\/ecoresponsable\/wp-json\/wp\/v2\/categories?post=145"},{"taxonomy":"post_tag","embeddable":true,"href":"https:\/\/educharlevoix.ca\/ecoresponsable\/wp-json\/wp\/v2\/tags?post=145"}],"curies":[{"name":"wp","href":"https:\/\/api.w.org\/{rel}","templated":true}]}}