{"id":148,"date":"2019-09-21T00:29:21","date_gmt":"2019-09-21T04:29:21","guid":{"rendered":"https:\/\/educharlevoix.ca\/ecoresponsable\/?p=148"},"modified":"2019-09-21T00:29:21","modified_gmt":"2019-09-21T04:29:21","slug":"fondation-monique-fitz-back-biogenus-decouvre-la-biodiversite-du-quebec-et-partage-tes-decouvertes","status":"publish","type":"post","link":"https:\/\/educharlevoix.ca\/ecoresponsable\/fondation-monique-fitz-back-biogenus-decouvre-la-biodiversite-du-quebec-et-partage-tes-decouvertes\/","title":{"rendered":"Fondation Monique-Fitz-Back &#8211; Biogenus &#8211; D\u00e9couvre la biodiversit\u00e9 du Qu\u00e9bec et partage tes d\u00e9couvertes!"},"content":{"rendered":"<p style=\"text-align: justify;\"><a href=\"https:\/\/biogenus.ca\/\" target=\"_blank\" rel=\"noopener noreferrer\">Phibi, la curieuse et enjou\u00e9e salamandre macul\u00e9e, esp\u00e8ce commune du Qu\u00e9bec, accompagne les jeunes de 6 \u00e0 9 ans dans leur d\u00e9couverte de la biodiversit\u00e9 du Qu\u00e9bec ! Le site Biogenus propose des activit\u00e9s \u00e9ducatives et des ressources p\u00e9dagogiques pour amener les jeunes des 1er et 2e cycles du primaire \u00e0 d\u00e9couvrir la diversit\u00e9, la complexit\u00e9, la beaut\u00e9 et la fragilit\u00e9 de la biodiversit\u00e9 du Qu\u00e9bec. Il encourage et motive les jeunes et les \u00e9coles \u00e0 passer \u00e0 l\u2019action en lien avec la sensibilisation, la mise en valeur ou la conservation de la biodiversit\u00e9. Le site offre plusieurs fiches d\u2019esp\u00e8ces (animaux, v\u00e9g\u00e9taux, champignons), des articles vulgaris\u00e9s, des projets scolaires inspirants, des photos prises par les jeunes, et plus encore.<\/a><\/p>\n","protected":false},"excerpt":{"rendered":"<p>Phibi, la curieuse et enjou\u00e9e salamandre macul\u00e9e, esp\u00e8ce commune du Qu\u00e9bec, accompagne les jeunes de 6 \u00e0 9 ans dans leur d\u00e9couverte de la biodiversit\u00e9 du Qu\u00e9bec ! Le site Biogenus propose des activit\u00e9s \u00e9ducatives et des ressources p\u00e9dagogiques pour amener les jeunes des 1er et 2e cycles du primaire \u00e0 d\u00e9couvrir la diversit\u00e9, la complexit\u00e9, la beaut\u00e9 et la fragilit\u00e9 de la biodiversit\u00e9 du Qu\u00e9bec. Il encourage et motive les jeunes et les \u00e9coles \u00e0 passer \u00e0 l\u2019action en lien avec la sensibilisation, la mise en valeur ou la conservation de la biodiversit\u00e9. Le site offre plusieurs fiches d\u2019esp\u00e8ces (animaux, v\u00e9g\u00e9taux, champignons), des articles vulgaris\u00e9s, des projets scolaires inspirants, des photos prises par les jeunes, et plus encore.<\/p>\n","protected":false},"author":1,"featured_media":365,"comment_status":"closed","ping_status":"closed","sticky":false,"template":"","format":"standard","meta":{"footnotes":""},"categories":[6,8,5],"tags":[],"class_list":["post-148","post","type-post","status-publish","format-standard","has-post-thumbnail","hentry","category-associations-fondations-et-organismes","category-education-a-l-environnement-et-a-l-ecocitoyennete","category-zone-jeunesse-du-citoyen-ecoresponsable"],"_links":{"self":[{"href":"https:\/\/educharlevoix.ca\/ecoresponsable\/wp-json\/wp\/v2\/posts\/148","targetHints":{"allow":["GET"]}}],"collection":[{"href":"https:\/\/educharlevoix.ca\/ecoresponsable\/wp-json\/wp\/v2\/posts"}],"about":[{"href":"https:\/\/educharlevoix.ca\/ecoresponsable\/wp-json\/wp\/v2\/types\/post"}],"author":[{"embeddable":true,"href":"https:\/\/educharlevoix.ca\/ecoresponsable\/wp-json\/wp\/v2\/users\/1"}],"replies":[{"embeddable":true,"href":"https:\/\/educharlevoix.ca\/ecoresponsable\/wp-json\/wp\/v2\/comments?post=148"}],"version-history":[{"count":0,"href":"https:\/\/educharlevoix.ca\/ecoresponsable\/wp-json\/wp\/v2\/posts\/148\/revisions"}],"wp:featuredmedia":[{"embeddable":true,"href":"https:\/\/educharlevoix.ca\/ecoresponsable\/wp-json\/wp\/v2\/media\/365"}],"wp:attachment":[{"href":"https:\/\/educharlevoix.ca\/ecoresponsable\/wp-json\/wp\/v2\/media?parent=148"}],"wp:term":[{"taxonomy":"category","embeddable":true,"href":"https:\/\/educharlevoix.ca\/ecoresponsable\/wp-json\/wp\/v2\/categories?post=148"},{"taxonomy":"post_tag","embeddable":true,"href":"https:\/\/educharlevoix.ca\/ecoresponsable\/wp-json\/wp\/v2\/tags?post=148"}],"curies":[{"name":"wp","href":"https:\/\/api.w.org\/{rel}","templated":true}]}}