{"id":159,"date":"2019-12-16T18:19:50","date_gmt":"2019-12-16T23:19:50","guid":{"rendered":"https:\/\/educharlevoix.ca\/ecoresponsable\/?p=159"},"modified":"2022-07-10T13:11:38","modified_gmt":"2022-07-10T11:11:38","slug":"alaclair-ensemble-mets-du-respect-dans-ton-bac","status":"publish","type":"post","link":"https:\/\/educharlevoix.ca\/ecoresponsable\/alaclair-ensemble-mets-du-respect-dans-ton-bac\/","title":{"rendered":"Alaclair Ensemble &#8211; Mets du respect dans ton bac!"},"content":{"rendered":"<p style=\"text-align: justify;\"><a href=\"https:\/\/www.laval.ca\/Pages\/Fr\/Citoyens\/recyclage.aspx\" target=\"_blank\" rel=\"noopener noreferrer\">En ligne depuis le 4 d\u00e9cembre dernier, le nouveau vid\u00e9oclip d\u2019Alaclair Ensemble fait fureur! Avec \u00ab Mets du respect dans ton bac! \u00bb, le groupe de rap qu\u00e9b\u00e9cois a compos\u00e9 une chanson sur mesure dot\u00e9e d\u2019un message tr\u00e8s clair. Initi\u00e9 et pilot\u00e9 par la ville de Laval, ce projet s\u2019inscrit dans une grande campagne de sensibilisation visant \u00e0 inciter et encourager les citoyens \u00e0 adopter de bonnes habitudes en mati\u00e8re de r\u00e9cup\u00e9ration. Le chanson allie un rythme entra\u00eenant et quelques vers d\u2019oreille bien r\u00e9fl\u00e9chis \u00ab <em><i>M\u00e9tal, verre, plastique, carton, papier, that\u2019s it<\/i><\/em>! \u00bb. D\u2019ailleurs, les membres du groupe Alaclair Ensemble aiment tellement leur nouvelle chanson qu\u2019ils ont confirm\u00e9 qu\u2019elle serait ajout\u00e9e dans leurs spectacles et qu\u2019il s\u2019agissait m\u00eame d\u2019un de leurs meilleurs vid\u00e9oclips.<\/a><\/p>\n<p style=\"text-align: center;\"><iframe src=\"https:\/\/www.youtube.com\/embed\/LN2tKabrcuA\" width=\"560\" height=\"315\" frameborder=\"0\" allowfullscreen=\"allowfullscreen\"><\/iframe><\/p>\n","protected":false},"excerpt":{"rendered":"<p>En ligne depuis le 4 d\u00e9cembre dernier, le nouveau vid\u00e9oclip d\u2019Alaclair Ensemble fait fureur! Avec \u00ab Mets du respect dans ton bac! \u00bb, le groupe de rap qu\u00e9b\u00e9cois a compos\u00e9 une chanson sur mesure dot\u00e9e d\u2019un message tr\u00e8s clair. Initi\u00e9 et pilot\u00e9 par la ville de Laval, ce projet s\u2019inscrit dans une grande campagne de sensibilisation visant \u00e0 inciter et encourager les citoyens \u00e0 adopter de bonnes habitudes en mati\u00e8re de r\u00e9cup\u00e9ration. Le chanson allie un rythme entra\u00eenant et quelques vers d\u2019oreille bien r\u00e9fl\u00e9chis \u00ab M\u00e9tal, verre, plastique, carton, papier, that\u2019s it! \u00bb. D\u2019ailleurs, les membres du groupe Alaclair Ensemble aiment tellement leur nouvelle chanson qu\u2019ils ont confirm\u00e9 qu\u2019elle serait ajout\u00e9e dans leurs spectacles et qu\u2019il s\u2019agissait m\u00eame d\u2019un de leurs meilleurs vid\u00e9oclips.<\/p>\n","protected":false},"author":1,"featured_media":618,"comment_status":"closed","ping_status":"closed","sticky":false,"template":"","format":"standard","meta":{"footnotes":""},"categories":[7],"tags":[],"class_list":["post-159","post","type-post","status-publish","format-standard","has-post-thumbnail","hentry","category-capsules-videos-sur-l-ecoresponsabilite"],"_links":{"self":[{"href":"https:\/\/educharlevoix.ca\/ecoresponsable\/wp-json\/wp\/v2\/posts\/159","targetHints":{"allow":["GET"]}}],"collection":[{"href":"https:\/\/educharlevoix.ca\/ecoresponsable\/wp-json\/wp\/v2\/posts"}],"about":[{"href":"https:\/\/educharlevoix.ca\/ecoresponsable\/wp-json\/wp\/v2\/types\/post"}],"author":[{"embeddable":true,"href":"https:\/\/educharlevoix.ca\/ecoresponsable\/wp-json\/wp\/v2\/users\/1"}],"replies":[{"embeddable":true,"href":"https:\/\/educharlevoix.ca\/ecoresponsable\/wp-json\/wp\/v2\/comments?post=159"}],"version-history":[{"count":1,"href":"https:\/\/educharlevoix.ca\/ecoresponsable\/wp-json\/wp\/v2\/posts\/159\/revisions"}],"predecessor-version":[{"id":641,"href":"https:\/\/educharlevoix.ca\/ecoresponsable\/wp-json\/wp\/v2\/posts\/159\/revisions\/641"}],"wp:featuredmedia":[{"embeddable":true,"href":"https:\/\/educharlevoix.ca\/ecoresponsable\/wp-json\/wp\/v2\/media\/618"}],"wp:attachment":[{"href":"https:\/\/educharlevoix.ca\/ecoresponsable\/wp-json\/wp\/v2\/media?parent=159"}],"wp:term":[{"taxonomy":"category","embeddable":true,"href":"https:\/\/educharlevoix.ca\/ecoresponsable\/wp-json\/wp\/v2\/categories?post=159"},{"taxonomy":"post_tag","embeddable":true,"href":"https:\/\/educharlevoix.ca\/ecoresponsable\/wp-json\/wp\/v2\/tags?post=159"}],"curies":[{"name":"wp","href":"https:\/\/api.w.org\/{rel}","templated":true}]}}