{"id":230,"date":"2015-12-09T22:49:10","date_gmt":"2015-12-09T22:49:10","guid":{"rendered":"http:\/\/educharlevoix.ca\/traction-ado\/?p=230"},"modified":"2015-12-09T22:49:10","modified_gmt":"2015-12-09T22:49:10","slug":"les-voiles-core-xr4-voleront-dans-charlevoix","status":"publish","type":"post","link":"https:\/\/educharlevoix.ca\/traction-ado\/les-voiles-core-xr4-voleront-dans-charlevoix\/","title":{"rendered":"Les voiles CORE XR4 voleront bient\u00f4t dans Charlevoix"},"content":{"rendered":"<p>Les \u00e9l\u00e8ves inscrits dans le programme Traction Ado Charlevoix auront la chance d&rsquo;\u00e9voluer avec de nouvelles voiles d\u00e8s janvier.\u00a0 En effet, le premier arrivage de kite CORE\u00a0 XR4 est pr\u00e9vu pour bient\u00f4t.\u00a0 C&rsquo;est lors des prochaines journ\u00e9es de formation en traction sur neige que nous pourrons voir les jeunes aux commandes de ces voiles de conception allemande.<\/p>\n<p><a href=\"https:\/\/vimeo.com\/130292372\">CORE XR4 \/\/ Big Air &#8211; Freeride &#8211; Wave<\/a> from <a href=\"https:\/\/vimeo.com\/corekiteboarding\">CORE Kiteboarding<\/a> on <a href=\"https:\/\/vimeo.com\">Vimeo<\/a>.<\/p>\n","protected":false},"excerpt":{"rendered":"<p>Les \u00e9l\u00e8ves inscrits dans le programme Traction Ado Charlevoix auront la chance d&rsquo;\u00e9voluer avec de nouvelles voiles d\u00e8s janvier.\u00a0 En effet, le premier arrivage de kite CORE\u00a0 XR4 est pr\u00e9vu pour bient\u00f4t.\u00a0 C&rsquo;est lors des prochaines journ\u00e9es de formation en traction sur neige que nous pourrons voir les jeunes aux commandes de ces voiles de [&hellip;]<\/p>\n","protected":false},"author":1,"featured_media":232,"comment_status":"open","ping_status":"open","sticky":false,"template":"","format":"standard","meta":[],"categories":[4],"tags":[],"_links":{"self":[{"href":"https:\/\/educharlevoix.ca\/traction-ado\/wp-json\/wp\/v2\/posts\/230"}],"collection":[{"href":"https:\/\/educharlevoix.ca\/traction-ado\/wp-json\/wp\/v2\/posts"}],"about":[{"href":"https:\/\/educharlevoix.ca\/traction-ado\/wp-json\/wp\/v2\/types\/post"}],"author":[{"embeddable":true,"href":"https:\/\/educharlevoix.ca\/traction-ado\/wp-json\/wp\/v2\/users\/1"}],"replies":[{"embeddable":true,"href":"https:\/\/educharlevoix.ca\/traction-ado\/wp-json\/wp\/v2\/comments?post=230"}],"version-history":[{"count":0,"href":"https:\/\/educharlevoix.ca\/traction-ado\/wp-json\/wp\/v2\/posts\/230\/revisions"}],"wp:featuredmedia":[{"embeddable":true,"href":"https:\/\/educharlevoix.ca\/traction-ado\/wp-json\/wp\/v2\/media\/232"}],"wp:attachment":[{"href":"https:\/\/educharlevoix.ca\/traction-ado\/wp-json\/wp\/v2\/media?parent=230"}],"wp:term":[{"taxonomy":"category","embeddable":true,"href":"https:\/\/educharlevoix.ca\/traction-ado\/wp-json\/wp\/v2\/categories?post=230"},{"taxonomy":"post_tag","embeddable":true,"href":"https:\/\/educharlevoix.ca\/traction-ado\/wp-json\/wp\/v2\/tags?post=230"}],"curies":[{"name":"wp","href":"https:\/\/api.w.org\/{rel}","templated":true}]}}