{"id":267,"date":"2015-12-26T18:00:08","date_gmt":"2015-12-26T18:00:08","guid":{"rendered":"http:\/\/educharlevoix.ca\/traction-ado\/?p=267"},"modified":"2015-12-26T18:00:08","modified_gmt":"2015-12-26T18:00:08","slug":"prochaines-dates-de-formation","status":"publish","type":"post","link":"https:\/\/educharlevoix.ca\/traction-ado\/prochaines-dates-de-formation\/","title":{"rendered":"Prochaines dates de formation"},"content":{"rendered":"<p>Maintenant que les harnais sont attribu\u00e9s, nous utiliserons les journ\u00e9es p\u00e9dagogiques des 5 et 26 f\u00e9vrier 2016 pour continuer la formation en \u00ab\u00a0Traction sur neige\u00a0\u00bb.\u00a0 \u00c0 pr\u00e9voir: votre ensemble de neige, tuque et gants chauds, casque et lunette de ski ainsi qu&rsquo;un lunch et de l&rsquo;eau. Nous nous rencontrerons \u00e0 8H30 \u00e0 mon local de classe au E56. D&rsquo;ici l\u00e0, je vous demande de r\u00e9viser les notions de votre carnet de formation niveau 1.<\/p>\n<p>Joyeuses f\u00eates \u00e0 tous!<\/p>\n","protected":false},"excerpt":{"rendered":"<p>Maintenant que les harnais sont attribu\u00e9s, nous utiliserons les journ\u00e9es p\u00e9dagogiques des 5 et 26 f\u00e9vrier 2016 pour continuer la formation en \u00ab\u00a0Traction sur neige\u00a0\u00bb.\u00a0 \u00c0 pr\u00e9voir: votre ensemble de neige, tuque et gants chauds, casque et lunette de ski ainsi qu&rsquo;un lunch et de l&rsquo;eau. Nous nous rencontrerons \u00e0 8H30 \u00e0 mon local de [&hellip;]<\/p>\n","protected":false},"author":1,"featured_media":0,"comment_status":"open","ping_status":"open","sticky":false,"template":"","format":"standard","meta":[],"categories":[3],"tags":[],"_links":{"self":[{"href":"https:\/\/educharlevoix.ca\/traction-ado\/wp-json\/wp\/v2\/posts\/267"}],"collection":[{"href":"https:\/\/educharlevoix.ca\/traction-ado\/wp-json\/wp\/v2\/posts"}],"about":[{"href":"https:\/\/educharlevoix.ca\/traction-ado\/wp-json\/wp\/v2\/types\/post"}],"author":[{"embeddable":true,"href":"https:\/\/educharlevoix.ca\/traction-ado\/wp-json\/wp\/v2\/users\/1"}],"replies":[{"embeddable":true,"href":"https:\/\/educharlevoix.ca\/traction-ado\/wp-json\/wp\/v2\/comments?post=267"}],"version-history":[{"count":0,"href":"https:\/\/educharlevoix.ca\/traction-ado\/wp-json\/wp\/v2\/posts\/267\/revisions"}],"wp:attachment":[{"href":"https:\/\/educharlevoix.ca\/traction-ado\/wp-json\/wp\/v2\/media?parent=267"}],"wp:term":[{"taxonomy":"category","embeddable":true,"href":"https:\/\/educharlevoix.ca\/traction-ado\/wp-json\/wp\/v2\/categories?post=267"},{"taxonomy":"post_tag","embeddable":true,"href":"https:\/\/educharlevoix.ca\/traction-ado\/wp-json\/wp\/v2\/tags?post=267"}],"curies":[{"name":"wp","href":"https:\/\/api.w.org\/{rel}","templated":true}]}}