{"id":27,"date":"2015-09-20T17:15:07","date_gmt":"2015-09-20T17:15:07","guid":{"rendered":"http:\/\/educharlevoix.ca\/traction-ado\/?p=27"},"modified":"2015-09-20T17:15:07","modified_gmt":"2015-09-20T17:15:07","slug":"bilan-des-inscriptions-2015-16","status":"publish","type":"post","link":"https:\/\/educharlevoix.ca\/traction-ado\/bilan-des-inscriptions-2015-16\/","title":{"rendered":"Bilan des inscriptions 2015-16"},"content":{"rendered":"<p>En plus des 22 \u00e9l\u00e8ves du projet Journ\u00e9es d&rsquo;Activit\u00e9s de Motivation(JAM) du Centre \u00e9ducatif Saint-Aubin, c&rsquo;est 4 \u00e9l\u00e8ves, toujours de Saint-Aubin, qui se sont inscrits en parascolaire. En incluant les 14 \u00e9l\u00e8ves de l&rsquo;\u00e9cole Saint-Pierre, c&rsquo;est 40 jeunes qui seront initi\u00e9s au cerf-volant de traction(kite) cette ann\u00e9e. Pour une premi\u00e8re ann\u00e9e&#8230; \u00e7a d\u00e9passe m\u00eame les attentes.<\/p>\n","protected":false},"excerpt":{"rendered":"<p>En plus des 22 \u00e9l\u00e8ves du projet Journ\u00e9es d&rsquo;Activit\u00e9s de Motivation(JAM) du Centre \u00e9ducatif Saint-Aubin, c&rsquo;est 4 \u00e9l\u00e8ves, toujours de Saint-Aubin, qui se sont inscrits en parascolaire. En incluant les 14 \u00e9l\u00e8ves de l&rsquo;\u00e9cole Saint-Pierre, c&rsquo;est 40 jeunes qui seront initi\u00e9s au cerf-volant de traction(kite) cette ann\u00e9e. Pour une premi\u00e8re ann\u00e9e&#8230; \u00e7a d\u00e9passe m\u00eame les [&hellip;]<\/p>\n","protected":false},"author":1,"featured_media":28,"comment_status":"open","ping_status":"open","sticky":false,"template":"","format":"standard","meta":[],"categories":[3],"tags":[],"_links":{"self":[{"href":"https:\/\/educharlevoix.ca\/traction-ado\/wp-json\/wp\/v2\/posts\/27"}],"collection":[{"href":"https:\/\/educharlevoix.ca\/traction-ado\/wp-json\/wp\/v2\/posts"}],"about":[{"href":"https:\/\/educharlevoix.ca\/traction-ado\/wp-json\/wp\/v2\/types\/post"}],"author":[{"embeddable":true,"href":"https:\/\/educharlevoix.ca\/traction-ado\/wp-json\/wp\/v2\/users\/1"}],"replies":[{"embeddable":true,"href":"https:\/\/educharlevoix.ca\/traction-ado\/wp-json\/wp\/v2\/comments?post=27"}],"version-history":[{"count":0,"href":"https:\/\/educharlevoix.ca\/traction-ado\/wp-json\/wp\/v2\/posts\/27\/revisions"}],"wp:featuredmedia":[{"embeddable":true,"href":"https:\/\/educharlevoix.ca\/traction-ado\/wp-json\/wp\/v2\/media\/28"}],"wp:attachment":[{"href":"https:\/\/educharlevoix.ca\/traction-ado\/wp-json\/wp\/v2\/media?parent=27"}],"wp:term":[{"taxonomy":"category","embeddable":true,"href":"https:\/\/educharlevoix.ca\/traction-ado\/wp-json\/wp\/v2\/categories?post=27"},{"taxonomy":"post_tag","embeddable":true,"href":"https:\/\/educharlevoix.ca\/traction-ado\/wp-json\/wp\/v2\/tags?post=27"}],"curies":[{"name":"wp","href":"https:\/\/api.w.org\/{rel}","templated":true}]}}