{"id":287,"date":"2016-01-26T20:03:40","date_gmt":"2016-01-26T20:03:40","guid":{"rendered":"http:\/\/educharlevoix.ca\/traction-ado\/?p=287"},"modified":"2016-01-26T20:03:40","modified_gmt":"2016-01-26T20:03:40","slug":"rencontre-preparatoire-niveau-2","status":"publish","type":"post","link":"https:\/\/educharlevoix.ca\/traction-ado\/rencontre-preparatoire-niveau-2\/","title":{"rendered":"Rencontre pr\u00e9paratoire niveau 2"},"content":{"rendered":"<p>Il y aura une rencontre pr\u00e9paratoire, jeudi le 4 f\u00e9vrier \u00e0 l\u2019auditorium d\u00e8s 12h40.<br \/>\nVous devez avoir visionn\u00e9 auparavant les 2 vid\u00e9os \u00ab\u00a0R\u00e9ception des nouvelles voiles CORE\u00a0\u00bb et \u00ab\u00a0vid\u00e9o de la barre CORE\u00a0\u00bb.<br \/>\nLors de cette rencontre, il y aura une d\u00e9monstration de l\u2019installation du kite et de la barre.<br \/>\nOn r\u00e9visera aussi des notions du niveau 1. Votre participation \u00e0 cette rencontre est importante et contribuera au succ\u00e8s de notre journ\u00e9e du 5 f\u00e9vrier.<br \/>\nBons vents<\/p>\n","protected":false},"excerpt":{"rendered":"<p>Il y aura une rencontre pr\u00e9paratoire, jeudi le 4 f\u00e9vrier \u00e0 l\u2019auditorium d\u00e8s 12h40. Vous devez avoir visionn\u00e9 auparavant les 2 vid\u00e9os \u00ab\u00a0R\u00e9ception des nouvelles voiles CORE\u00a0\u00bb et \u00ab\u00a0vid\u00e9o de la barre CORE\u00a0\u00bb. Lors de cette rencontre, il y aura une d\u00e9monstration de l\u2019installation du kite et de la barre. On r\u00e9visera aussi des notions [&hellip;]<\/p>\n","protected":false},"author":1,"featured_media":0,"comment_status":"open","ping_status":"open","sticky":false,"template":"","format":"standard","meta":[],"categories":[3,5],"tags":[],"_links":{"self":[{"href":"https:\/\/educharlevoix.ca\/traction-ado\/wp-json\/wp\/v2\/posts\/287"}],"collection":[{"href":"https:\/\/educharlevoix.ca\/traction-ado\/wp-json\/wp\/v2\/posts"}],"about":[{"href":"https:\/\/educharlevoix.ca\/traction-ado\/wp-json\/wp\/v2\/types\/post"}],"author":[{"embeddable":true,"href":"https:\/\/educharlevoix.ca\/traction-ado\/wp-json\/wp\/v2\/users\/1"}],"replies":[{"embeddable":true,"href":"https:\/\/educharlevoix.ca\/traction-ado\/wp-json\/wp\/v2\/comments?post=287"}],"version-history":[{"count":0,"href":"https:\/\/educharlevoix.ca\/traction-ado\/wp-json\/wp\/v2\/posts\/287\/revisions"}],"wp:attachment":[{"href":"https:\/\/educharlevoix.ca\/traction-ado\/wp-json\/wp\/v2\/media?parent=287"}],"wp:term":[{"taxonomy":"category","embeddable":true,"href":"https:\/\/educharlevoix.ca\/traction-ado\/wp-json\/wp\/v2\/categories?post=287"},{"taxonomy":"post_tag","embeddable":true,"href":"https:\/\/educharlevoix.ca\/traction-ado\/wp-json\/wp\/v2\/tags?post=287"}],"curies":[{"name":"wp","href":"https:\/\/api.w.org\/{rel}","templated":true}]}}