{"id":310,"date":"2016-02-06T14:54:54","date_gmt":"2016-02-06T14:54:54","guid":{"rendered":"http:\/\/educharlevoix.ca\/traction-ado\/?p=310"},"modified":"2016-02-06T14:54:54","modified_gmt":"2016-02-06T14:54:54","slug":"jour-2-de-formation","status":"publish","type":"post","link":"https:\/\/educharlevoix.ca\/traction-ado\/jour-2-de-formation\/","title":{"rendered":"Jour 2 de formation"},"content":{"rendered":"<p>Magr\u00e9 l&rsquo;absence de vent, les jeunes ont pu pratiquer les techniques d&rsquo;installation s\u00e9curitaire du kite, de la barre et des lignes. Nous avons aussi pu d\u00e9montrer les \u00e9tapes d&rsquo;un d\u00e9collage assist\u00e9 et d&rsquo;un atterrissage assist\u00e9. De plus, les \u00e9l\u00e8ves nous ont d\u00e9montr\u00e9 les 3 temps des manoeuvres d&rsquo;urgence. Nous avons expliqu\u00e9 le fonctionnement du site de pr\u00e9visions de vent LAM. Merci enCORE \u00e0 Sacha, notre rider invit\u00e9. Notre prochaine rencontre, la journ\u00e9e p\u00e9dagogique du 26 f\u00e9vrier.<\/p>\n","protected":false},"excerpt":{"rendered":"<p>Magr\u00e9 l&rsquo;absence de vent, les jeunes ont pu pratiquer les techniques d&rsquo;installation s\u00e9curitaire du kite, de la barre et des lignes. Nous avons aussi pu d\u00e9montrer les \u00e9tapes d&rsquo;un d\u00e9collage assist\u00e9 et d&rsquo;un atterrissage assist\u00e9. De plus, les \u00e9l\u00e8ves nous ont d\u00e9montr\u00e9 les 3 temps des manoeuvres d&rsquo;urgence. Nous avons expliqu\u00e9 le fonctionnement du site [&hellip;]<\/p>\n","protected":false},"author":1,"featured_media":0,"comment_status":"open","ping_status":"open","sticky":false,"template":"","format":"standard","meta":[],"categories":[3,5],"tags":[],"_links":{"self":[{"href":"https:\/\/educharlevoix.ca\/traction-ado\/wp-json\/wp\/v2\/posts\/310"}],"collection":[{"href":"https:\/\/educharlevoix.ca\/traction-ado\/wp-json\/wp\/v2\/posts"}],"about":[{"href":"https:\/\/educharlevoix.ca\/traction-ado\/wp-json\/wp\/v2\/types\/post"}],"author":[{"embeddable":true,"href":"https:\/\/educharlevoix.ca\/traction-ado\/wp-json\/wp\/v2\/users\/1"}],"replies":[{"embeddable":true,"href":"https:\/\/educharlevoix.ca\/traction-ado\/wp-json\/wp\/v2\/comments?post=310"}],"version-history":[{"count":0,"href":"https:\/\/educharlevoix.ca\/traction-ado\/wp-json\/wp\/v2\/posts\/310\/revisions"}],"wp:attachment":[{"href":"https:\/\/educharlevoix.ca\/traction-ado\/wp-json\/wp\/v2\/media?parent=310"}],"wp:term":[{"taxonomy":"category","embeddable":true,"href":"https:\/\/educharlevoix.ca\/traction-ado\/wp-json\/wp\/v2\/categories?post=310"},{"taxonomy":"post_tag","embeddable":true,"href":"https:\/\/educharlevoix.ca\/traction-ado\/wp-json\/wp\/v2\/tags?post=310"}],"curies":[{"name":"wp","href":"https:\/\/api.w.org\/{rel}","templated":true}]}}