{"id":343,"date":"2016-02-24T16:36:26","date_gmt":"2016-02-24T16:36:26","guid":{"rendered":"http:\/\/educharlevoix.ca\/traction-ado\/?p=343"},"modified":"2016-02-24T16:36:26","modified_gmt":"2016-02-24T16:36:26","slug":"jour-3-de-formation","status":"publish","type":"post","link":"https:\/\/educharlevoix.ca\/traction-ado\/jour-3-de-formation\/","title":{"rendered":"Jour 3 de formation."},"content":{"rendered":"<p>C&rsquo;est vendredi le 26 f\u00e9vrier prochain que se tiendra notre troisi\u00e8me journ\u00e9e de formation en traction sur neige. On se rencontre au local de kite \u00e0 8h30. Les pr\u00e9visions du vent sont bonnes. Ne pas oublier votre lunch, vos snowboards et votre carnet de progression.<br \/>\nBons vents<\/p>\n","protected":false},"excerpt":{"rendered":"<p>C&rsquo;est vendredi le 26 f\u00e9vrier prochain que se tiendra notre troisi\u00e8me journ\u00e9e de formation en traction sur neige. On se rencontre au local de kite \u00e0 8h30. Les pr\u00e9visions du vent sont bonnes. Ne pas oublier votre lunch, vos snowboards et votre carnet de progression. Bons vents<\/p>\n","protected":false},"author":1,"featured_media":0,"comment_status":"open","ping_status":"open","sticky":false,"template":"","format":"standard","meta":[],"categories":[3],"tags":[],"_links":{"self":[{"href":"https:\/\/educharlevoix.ca\/traction-ado\/wp-json\/wp\/v2\/posts\/343"}],"collection":[{"href":"https:\/\/educharlevoix.ca\/traction-ado\/wp-json\/wp\/v2\/posts"}],"about":[{"href":"https:\/\/educharlevoix.ca\/traction-ado\/wp-json\/wp\/v2\/types\/post"}],"author":[{"embeddable":true,"href":"https:\/\/educharlevoix.ca\/traction-ado\/wp-json\/wp\/v2\/users\/1"}],"replies":[{"embeddable":true,"href":"https:\/\/educharlevoix.ca\/traction-ado\/wp-json\/wp\/v2\/comments?post=343"}],"version-history":[{"count":0,"href":"https:\/\/educharlevoix.ca\/traction-ado\/wp-json\/wp\/v2\/posts\/343\/revisions"}],"wp:attachment":[{"href":"https:\/\/educharlevoix.ca\/traction-ado\/wp-json\/wp\/v2\/media?parent=343"}],"wp:term":[{"taxonomy":"category","embeddable":true,"href":"https:\/\/educharlevoix.ca\/traction-ado\/wp-json\/wp\/v2\/categories?post=343"},{"taxonomy":"post_tag","embeddable":true,"href":"https:\/\/educharlevoix.ca\/traction-ado\/wp-json\/wp\/v2\/tags?post=343"}],"curies":[{"name":"wp","href":"https:\/\/api.w.org\/{rel}","templated":true}]}}