{"id":348,"date":"2016-02-26T21:41:21","date_gmt":"2016-02-26T21:41:21","guid":{"rendered":"http:\/\/educharlevoix.ca\/traction-ado\/?p=348"},"modified":"2016-02-26T21:41:21","modified_gmt":"2016-02-26T21:41:21","slug":"jour-3-de-formation-bilan","status":"publish","type":"post","link":"https:\/\/educharlevoix.ca\/traction-ado\/jour-3-de-formation-bilan\/","title":{"rendered":"Jour 3 de formation (bilan)"},"content":{"rendered":"<p style=\"text-align: justify\"><strong>Super belle journ\u00e9e. Toutes les conditions \u00e9taient r\u00e9unies: vent, soleil, surface de neige. Les jeunes ont pratiqu\u00e9 les d\u00e9collages et atterrissages des kites, les red\u00e9collages et les d\u00e9parts accroupis. Les gar\u00e7ons ont pu exp\u00e9rimenter pour la premi\u00e8re fois la puissance de traction des kites. Je pr\u00e9pare prochainement une journ\u00e9e kite parents\/ados. Vous pourrez d\u00e9montrer vos habilet\u00e9s et aider vos parents dans l\u2019initiation au kite. Bravo les gars et bonne rel\u00e2che!<\/strong><\/p>\n<p style=\"text-align: justify\"><img decoding=\"async\" class=\"ngg_displayed_gallery mceItem\" src=\"http:\/\/educharlevoix.ca\/traction-ado\/nextgen-attach_to_post\/preview\/id--415\" alt=\"\" \/><\/p>\n","protected":false},"excerpt":{"rendered":"<p>Super belle journ\u00e9e. Toutes les conditions \u00e9taient r\u00e9unies: vent, soleil, surface de neige. Les jeunes ont pratiqu\u00e9 les d\u00e9collages et atterrissages des kites, les red\u00e9collages et les d\u00e9parts accroupis. Les gar\u00e7ons ont pu exp\u00e9rimenter pour la premi\u00e8re fois la puissance de traction des kites. Je pr\u00e9pare prochainement une journ\u00e9e kite parents\/ados. Vous pourrez d\u00e9montrer vos [&hellip;]<\/p>\n","protected":false},"author":1,"featured_media":412,"comment_status":"open","ping_status":"open","sticky":false,"template":"","format":"standard","meta":[],"categories":[3],"tags":[],"_links":{"self":[{"href":"https:\/\/educharlevoix.ca\/traction-ado\/wp-json\/wp\/v2\/posts\/348"}],"collection":[{"href":"https:\/\/educharlevoix.ca\/traction-ado\/wp-json\/wp\/v2\/posts"}],"about":[{"href":"https:\/\/educharlevoix.ca\/traction-ado\/wp-json\/wp\/v2\/types\/post"}],"author":[{"embeddable":true,"href":"https:\/\/educharlevoix.ca\/traction-ado\/wp-json\/wp\/v2\/users\/1"}],"replies":[{"embeddable":true,"href":"https:\/\/educharlevoix.ca\/traction-ado\/wp-json\/wp\/v2\/comments?post=348"}],"version-history":[{"count":0,"href":"https:\/\/educharlevoix.ca\/traction-ado\/wp-json\/wp\/v2\/posts\/348\/revisions"}],"wp:featuredmedia":[{"embeddable":true,"href":"https:\/\/educharlevoix.ca\/traction-ado\/wp-json\/wp\/v2\/media\/412"}],"wp:attachment":[{"href":"https:\/\/educharlevoix.ca\/traction-ado\/wp-json\/wp\/v2\/media?parent=348"}],"wp:term":[{"taxonomy":"category","embeddable":true,"href":"https:\/\/educharlevoix.ca\/traction-ado\/wp-json\/wp\/v2\/categories?post=348"},{"taxonomy":"post_tag","embeddable":true,"href":"https:\/\/educharlevoix.ca\/traction-ado\/wp-json\/wp\/v2\/tags?post=348"}],"curies":[{"name":"wp","href":"https:\/\/api.w.org\/{rel}","templated":true}]}}