{"id":357,"date":"2016-02-29T12:53:35","date_gmt":"2016-02-29T12:53:35","guid":{"rendered":"http:\/\/educharlevoix.ca\/traction-ado\/?p=357"},"modified":"2016-02-29T12:53:35","modified_gmt":"2016-02-29T12:53:35","slug":"ici-radio-canada-ca-festikite-sept-iles-a-le-vent-dans-les-voiles","status":"publish","type":"post","link":"https:\/\/educharlevoix.ca\/traction-ado\/ici-radio-canada-ca-festikite-sept-iles-a-le-vent-dans-les-voiles\/","title":{"rendered":"ICI.Radio-Canada.ca &#8211; Festikite : Sept-\u00celes a le vent dans les voiles"},"content":{"rendered":"<p style=\"text-align: justify\"><strong><a href=\"http:\/\/ici.radio-canada.ca\/regions\/est-quebec\/2016\/02\/27\/007-kitesurf-cote-nord-festikite-sport.shtml\" target=\"_blank\" rel=\"noopener noreferrer\">Sept-\u00celes \u00e9tait l&rsquo;h\u00f4te en fin de semaine du 5e Festikite qui r\u00e9unissait des amateurs de kitesurf de la C\u00f4te-Nord, de Matane et d&rsquo;ailleurs. Pour l&rsquo;occasion, des cours ont \u00e9t\u00e9 offerts aux personnes qui voulaient s&rsquo;initier \u00e0 ce sport ou am\u00e9liorer leurs techniques. Jason Blanchard, de Sept-\u00celes, a profit\u00e9 de cet \u00e9v\u00e9nement pour partager sa passion pour ce sport. Le mordu de 19 ans se d\u00e9place \u00e0 travers le Qu\u00e9bec et l&rsquo;est des \u00c9tats-Unis avec une roulotte mobile pour faire d\u00e9couvrir le kitesurf.<\/a><\/strong><\/p>\n","protected":false},"excerpt":{"rendered":"<p>Sept-\u00celes \u00e9tait l&rsquo;h\u00f4te en fin de semaine du 5e Festikite qui r\u00e9unissait des amateurs de kitesurf de la C\u00f4te-Nord, de Matane et d&rsquo;ailleurs. Pour l&rsquo;occasion, des cours ont \u00e9t\u00e9 offerts aux personnes qui voulaient s&rsquo;initier \u00e0 ce sport ou am\u00e9liorer leurs techniques. Jason Blanchard, de Sept-\u00celes, a profit\u00e9 de cet \u00e9v\u00e9nement pour partager sa passion [&hellip;]<\/p>\n","protected":false},"author":1,"featured_media":369,"comment_status":"open","ping_status":"open","sticky":false,"template":"","format":"standard","meta":[],"categories":[2],"tags":[],"_links":{"self":[{"href":"https:\/\/educharlevoix.ca\/traction-ado\/wp-json\/wp\/v2\/posts\/357"}],"collection":[{"href":"https:\/\/educharlevoix.ca\/traction-ado\/wp-json\/wp\/v2\/posts"}],"about":[{"href":"https:\/\/educharlevoix.ca\/traction-ado\/wp-json\/wp\/v2\/types\/post"}],"author":[{"embeddable":true,"href":"https:\/\/educharlevoix.ca\/traction-ado\/wp-json\/wp\/v2\/users\/1"}],"replies":[{"embeddable":true,"href":"https:\/\/educharlevoix.ca\/traction-ado\/wp-json\/wp\/v2\/comments?post=357"}],"version-history":[{"count":0,"href":"https:\/\/educharlevoix.ca\/traction-ado\/wp-json\/wp\/v2\/posts\/357\/revisions"}],"wp:featuredmedia":[{"embeddable":true,"href":"https:\/\/educharlevoix.ca\/traction-ado\/wp-json\/wp\/v2\/media\/369"}],"wp:attachment":[{"href":"https:\/\/educharlevoix.ca\/traction-ado\/wp-json\/wp\/v2\/media?parent=357"}],"wp:term":[{"taxonomy":"category","embeddable":true,"href":"https:\/\/educharlevoix.ca\/traction-ado\/wp-json\/wp\/v2\/categories?post=357"},{"taxonomy":"post_tag","embeddable":true,"href":"https:\/\/educharlevoix.ca\/traction-ado\/wp-json\/wp\/v2\/tags?post=357"}],"curies":[{"name":"wp","href":"https:\/\/api.w.org\/{rel}","templated":true}]}}