{"id":373,"date":"2016-03-04T02:40:35","date_gmt":"2016-03-04T02:40:35","guid":{"rendered":"http:\/\/educharlevoix.ca\/traction-ado\/?p=373"},"modified":"2016-03-04T02:40:35","modified_gmt":"2016-03-04T02:40:35","slug":"ciho-fm-charlevoix-une-competition-de-kitesnow-sur-le-lac-nairne-a-saint-aime-des-lacs","status":"publish","type":"post","link":"https:\/\/educharlevoix.ca\/traction-ado\/ciho-fm-charlevoix-une-competition-de-kitesnow-sur-le-lac-nairne-a-saint-aime-des-lacs\/","title":{"rendered":"CIHO FM Charlevoix &#8211; Une comp\u00e9tition de kitesnow sur le Lac Nairne \u00e0 Saint-Aim\u00e9-des-Lacs"},"content":{"rendered":"<p style=\"text-align: justify\"><strong><a href=\"http:\/\/www.cihofm.com\/nouvelles\/Une-competition-de-kitesnow-sur-le-Lac-Nairne-2016-03-03-10-58\" target=\"_blank\" rel=\"noopener noreferrer\">Saint-Aim\u00e9-des-Lacs se pr\u00e9pare \u00e0 accueillir, la fin de semaine des 19 et 20 mars, une premi\u00e8re comp\u00e9tition dans Charlevoix. Cette finale de la Coupe Qu\u00e9bec organis\u00e9e par Zone Turbulence se d\u00e9roulera sur le Lac Nairne. Les courses d\u00e9buteront vers 10 h 30 samedi et dimanche. \u00c0 l\u2019instar du kitesurf sur l\u2019eau, le kitesnow implique un barreur, chauss\u00e9e d\u2019une planche ou de longs skis, munis d\u2019une haute voile. Le coureur se fait tirer sur la neige par le vent, saute pour ex\u00e9cuter des figures et doit compl\u00e9ter le parcours le plus rapidement possible. Une cinquantaine de coureurs de la province et des \u00c9tats-Unis sont attendus.<\/a> <a href=\"http:\/\/www.cihofm.com\/nouvelles\/Saint-Aime-veut-devenir-une-destination-de-kite-2016-03-03-15-56\" target=\"_blank\" rel=\"noopener noreferrer\">La municipalit\u00e9 de Saint-Aim\u00e9-des-Lacs pense pouvoir attirer \u00e0 long terme les sportifs et les spectateurs de kite sur neige, le lac Nairne est un endroit propice pour la discipline gr\u00e2ce aux corridors de vents qui y soufflent et \u00e0 la surface du lac.<\/a><\/strong><\/p>\n","protected":false},"excerpt":{"rendered":"<p>Saint-Aim\u00e9-des-Lacs se pr\u00e9pare \u00e0 accueillir, la fin de semaine des 19 et 20 mars, une premi\u00e8re comp\u00e9tition dans Charlevoix. Cette finale de la Coupe Qu\u00e9bec organis\u00e9e par Zone Turbulence se d\u00e9roulera sur le Lac Nairne. Les courses d\u00e9buteront vers 10 h 30 samedi et dimanche. \u00c0 l\u2019instar du kitesurf sur l\u2019eau, le kitesnow implique un [&hellip;]<\/p>\n","protected":false},"author":1,"featured_media":0,"comment_status":"open","ping_status":"open","sticky":false,"template":"","format":"standard","meta":[],"categories":[2],"tags":[],"_links":{"self":[{"href":"https:\/\/educharlevoix.ca\/traction-ado\/wp-json\/wp\/v2\/posts\/373"}],"collection":[{"href":"https:\/\/educharlevoix.ca\/traction-ado\/wp-json\/wp\/v2\/posts"}],"about":[{"href":"https:\/\/educharlevoix.ca\/traction-ado\/wp-json\/wp\/v2\/types\/post"}],"author":[{"embeddable":true,"href":"https:\/\/educharlevoix.ca\/traction-ado\/wp-json\/wp\/v2\/users\/1"}],"replies":[{"embeddable":true,"href":"https:\/\/educharlevoix.ca\/traction-ado\/wp-json\/wp\/v2\/comments?post=373"}],"version-history":[{"count":0,"href":"https:\/\/educharlevoix.ca\/traction-ado\/wp-json\/wp\/v2\/posts\/373\/revisions"}],"wp:attachment":[{"href":"https:\/\/educharlevoix.ca\/traction-ado\/wp-json\/wp\/v2\/media?parent=373"}],"wp:term":[{"taxonomy":"category","embeddable":true,"href":"https:\/\/educharlevoix.ca\/traction-ado\/wp-json\/wp\/v2\/categories?post=373"},{"taxonomy":"post_tag","embeddable":true,"href":"https:\/\/educharlevoix.ca\/traction-ado\/wp-json\/wp\/v2\/tags?post=373"}],"curies":[{"name":"wp","href":"https:\/\/api.w.org\/{rel}","templated":true}]}}