{"id":382,"date":"2016-03-04T21:36:03","date_gmt":"2016-03-04T21:36:03","guid":{"rendered":"http:\/\/educharlevoix.ca\/traction-ado\/?p=382"},"modified":"2016-03-04T21:36:03","modified_gmt":"2016-03-04T21:36:03","slug":"j-e-d-i-en-snowkite","status":"publish","type":"post","link":"https:\/\/educharlevoix.ca\/traction-ado\/j-e-d-i-en-snowkite\/","title":{"rendered":"J.E.D.I. en snowkite"},"content":{"rendered":"<p style=\"text-align: justify\"><strong>Aujourd&rsquo;hui, 3 jeunes du programme J.E.D.I. (Jeux \u00e9ducatifs et d\u00e9veloppement interactif) de Mathieu Fillion ont \u00e9t\u00e9 initi\u00e9s au trainer kite. Bravo \u00e0 Victor, Justin et Charles-Olivier pour leurs efforts et leur participation. <\/strong><strong>Des jeunes de 11 ans.<\/strong><\/p>\n","protected":false},"excerpt":{"rendered":"<p>Aujourd&rsquo;hui, 3 jeunes du programme J.E.D.I. (Jeux \u00e9ducatifs et d\u00e9veloppement interactif) de Mathieu Fillion ont \u00e9t\u00e9 initi\u00e9s au trainer kite. Bravo \u00e0 Victor, Justin et Charles-Olivier pour leurs efforts et leur participation. Des jeunes de 11 ans.<\/p>\n","protected":false},"author":1,"featured_media":434,"comment_status":"open","ping_status":"open","sticky":false,"template":"","format":"standard","meta":[],"categories":[3],"tags":[],"_links":{"self":[{"href":"https:\/\/educharlevoix.ca\/traction-ado\/wp-json\/wp\/v2\/posts\/382"}],"collection":[{"href":"https:\/\/educharlevoix.ca\/traction-ado\/wp-json\/wp\/v2\/posts"}],"about":[{"href":"https:\/\/educharlevoix.ca\/traction-ado\/wp-json\/wp\/v2\/types\/post"}],"author":[{"embeddable":true,"href":"https:\/\/educharlevoix.ca\/traction-ado\/wp-json\/wp\/v2\/users\/1"}],"replies":[{"embeddable":true,"href":"https:\/\/educharlevoix.ca\/traction-ado\/wp-json\/wp\/v2\/comments?post=382"}],"version-history":[{"count":0,"href":"https:\/\/educharlevoix.ca\/traction-ado\/wp-json\/wp\/v2\/posts\/382\/revisions"}],"wp:featuredmedia":[{"embeddable":true,"href":"https:\/\/educharlevoix.ca\/traction-ado\/wp-json\/wp\/v2\/media\/434"}],"wp:attachment":[{"href":"https:\/\/educharlevoix.ca\/traction-ado\/wp-json\/wp\/v2\/media?parent=382"}],"wp:term":[{"taxonomy":"category","embeddable":true,"href":"https:\/\/educharlevoix.ca\/traction-ado\/wp-json\/wp\/v2\/categories?post=382"},{"taxonomy":"post_tag","embeddable":true,"href":"https:\/\/educharlevoix.ca\/traction-ado\/wp-json\/wp\/v2\/tags?post=382"}],"curies":[{"name":"wp","href":"https:\/\/api.w.org\/{rel}","templated":true}]}}