{"id":417,"date":"2016-03-05T23:22:51","date_gmt":"2016-03-05T23:22:51","guid":{"rendered":"http:\/\/educharlevoix.ca\/traction-ado\/?p=417"},"modified":"2016-03-05T23:22:51","modified_gmt":"2016-03-05T23:22:51","slug":"formation-pour-les-jeunes-du-groupe-action-jeunesse-de-charlevoix","status":"publish","type":"post","link":"https:\/\/educharlevoix.ca\/traction-ado\/formation-pour-les-jeunes-du-groupe-action-jeunesse-de-charlevoix\/","title":{"rendered":"Formation pour les jeunes du Groupe Action Jeunesse de Charlevoix"},"content":{"rendered":"<p style=\"text-align: justify\"><strong>Aujourd\u2019hui, 6 jeunes fr\u00e9quentant les maisons des jeunes de La Malbaie, de Clermont, de Notre-Dame-des-Monts et de Saint-Aim\u00e9-des-Lacs ont particip\u00e9 \u00e0 une formation en Snow kite. Ils ont d\u00e9couvert les rudiments du pilotage du trainer kite. L\u2019activit\u00e9 s\u2019est d\u00e9roul\u00e9e sur le site exceptionnel du lac Nairne o\u00f9 se tiendra prochainement la finale de la coupe du Qu\u00e9bec de kite sur neige. Les 6 jeunes, \u00e2g\u00e9s de 13 \u00e0 16 ans fr\u00e9quentent l\u2019\u00e9cole secondaire du Plateau de La Malbaie. Coup de c\u0153ur pour Bianca, J\u00e9r\u00f4me et Jack pour le contr\u00f4le et la pr\u00e9cision des man\u0153uvres. De jeunes snow kiter en devenir. Bravo aussi au Groupe Action Jeunesse de Charlevoix pour l\u2019initiative.<\/strong><\/p>\n<p style=\"text-align: justify\"><strong><img decoding=\"async\" class=\"ngg_displayed_gallery mceItem\" src=\"http:\/\/educharlevoix.ca\/traction-ado\/nextgen-attach_to_post\/preview\/id--498\" alt=\"\" \/><\/strong><\/p>\n","protected":false},"excerpt":{"rendered":"<p>Aujourd\u2019hui, 6 jeunes fr\u00e9quentant les maisons des jeunes de La Malbaie, de Clermont, de Notre-Dame-des-Monts et de Saint-Aim\u00e9-des-Lacs ont particip\u00e9 \u00e0 une formation en Snow kite. Ils ont d\u00e9couvert les rudiments du pilotage du trainer kite. L\u2019activit\u00e9 s\u2019est d\u00e9roul\u00e9e sur le site exceptionnel du lac Nairne o\u00f9 se tiendra prochainement la finale de la coupe [&hellip;]<\/p>\n","protected":false},"author":1,"featured_media":418,"comment_status":"open","ping_status":"open","sticky":false,"template":"","format":"standard","meta":[],"categories":[3],"tags":[],"_links":{"self":[{"href":"https:\/\/educharlevoix.ca\/traction-ado\/wp-json\/wp\/v2\/posts\/417"}],"collection":[{"href":"https:\/\/educharlevoix.ca\/traction-ado\/wp-json\/wp\/v2\/posts"}],"about":[{"href":"https:\/\/educharlevoix.ca\/traction-ado\/wp-json\/wp\/v2\/types\/post"}],"author":[{"embeddable":true,"href":"https:\/\/educharlevoix.ca\/traction-ado\/wp-json\/wp\/v2\/users\/1"}],"replies":[{"embeddable":true,"href":"https:\/\/educharlevoix.ca\/traction-ado\/wp-json\/wp\/v2\/comments?post=417"}],"version-history":[{"count":0,"href":"https:\/\/educharlevoix.ca\/traction-ado\/wp-json\/wp\/v2\/posts\/417\/revisions"}],"wp:featuredmedia":[{"embeddable":true,"href":"https:\/\/educharlevoix.ca\/traction-ado\/wp-json\/"}],"wp:attachment":[{"href":"https:\/\/educharlevoix.ca\/traction-ado\/wp-json\/wp\/v2\/media?parent=417"}],"wp:term":[{"taxonomy":"category","embeddable":true,"href":"https:\/\/educharlevoix.ca\/traction-ado\/wp-json\/wp\/v2\/categories?post=417"},{"taxonomy":"post_tag","embeddable":true,"href":"https:\/\/educharlevoix.ca\/traction-ado\/wp-json\/wp\/v2\/tags?post=417"}],"curies":[{"name":"wp","href":"https:\/\/api.w.org\/{rel}","templated":true}]}}