{"id":49,"date":"2015-09-26T17:44:15","date_gmt":"2015-09-26T17:44:15","guid":{"rendered":"http:\/\/educharlevoix.ca\/traction-ado\/?p=49"},"modified":"2015-09-26T17:44:15","modified_gmt":"2015-09-26T17:44:15","slug":"premiere-rencontre-pour-le-groupe-de-saint-aubin","status":"publish","type":"post","link":"https:\/\/educharlevoix.ca\/traction-ado\/premiere-rencontre-pour-le-groupe-de-saint-aubin\/","title":{"rendered":"Premi\u00e8re rencontre pour le groupe de Saint-Aubin"},"content":{"rendered":"<p>La premi\u00e8re rencontre pour le groupe de Saint-Aubin aura lieu lundi le 5 octobre au local E-56 d\u00e8s 9 H.\u00a0 Suite \u00e0 la portion th\u00e9orique, nous nous rendrons \u00e0 la plage de Baie Saint Paul pour la partie pratique.\u00a0 S.V.P. pr\u00e9voir des v\u00eatements appropri\u00e9s selon la m\u00e9t\u00e9o.\u00a0 Apportez aussi un lunch et de l&rsquo;eau.\u00a0 On vous remettra aussi, par la m\u00eame occasion, votre carnet de bord.<\/p>\n<p>&nbsp;<\/p>\n","protected":false},"excerpt":{"rendered":"<p>La premi\u00e8re rencontre pour le groupe de Saint-Aubin aura lieu lundi le 5 octobre au local E-56 d\u00e8s 9 H.\u00a0 Suite \u00e0 la portion th\u00e9orique, nous nous rendrons \u00e0 la plage de Baie Saint Paul pour la partie pratique.\u00a0 S.V.P. pr\u00e9voir des v\u00eatements appropri\u00e9s selon la m\u00e9t\u00e9o.\u00a0 Apportez aussi un lunch et de l&rsquo;eau.\u00a0 On [&hellip;]<\/p>\n","protected":false},"author":1,"featured_media":51,"comment_status":"open","ping_status":"open","sticky":false,"template":"","format":"standard","meta":[],"categories":[3,5],"tags":[],"_links":{"self":[{"href":"https:\/\/educharlevoix.ca\/traction-ado\/wp-json\/wp\/v2\/posts\/49"}],"collection":[{"href":"https:\/\/educharlevoix.ca\/traction-ado\/wp-json\/wp\/v2\/posts"}],"about":[{"href":"https:\/\/educharlevoix.ca\/traction-ado\/wp-json\/wp\/v2\/types\/post"}],"author":[{"embeddable":true,"href":"https:\/\/educharlevoix.ca\/traction-ado\/wp-json\/wp\/v2\/users\/1"}],"replies":[{"embeddable":true,"href":"https:\/\/educharlevoix.ca\/traction-ado\/wp-json\/wp\/v2\/comments?post=49"}],"version-history":[{"count":0,"href":"https:\/\/educharlevoix.ca\/traction-ado\/wp-json\/wp\/v2\/posts\/49\/revisions"}],"wp:featuredmedia":[{"embeddable":true,"href":"https:\/\/educharlevoix.ca\/traction-ado\/wp-json\/wp\/v2\/media\/51"}],"wp:attachment":[{"href":"https:\/\/educharlevoix.ca\/traction-ado\/wp-json\/wp\/v2\/media?parent=49"}],"wp:term":[{"taxonomy":"category","embeddable":true,"href":"https:\/\/educharlevoix.ca\/traction-ado\/wp-json\/wp\/v2\/categories?post=49"},{"taxonomy":"post_tag","embeddable":true,"href":"https:\/\/educharlevoix.ca\/traction-ado\/wp-json\/wp\/v2\/tags?post=49"}],"curies":[{"name":"wp","href":"https:\/\/api.w.org\/{rel}","templated":true}]}}