{"id":500,"date":"2016-03-20T17:15:48","date_gmt":"2016-03-20T21:15:48","guid":{"rendered":"http:\/\/educharlevoix.ca\/traction-ado\/?p=500"},"modified":"2016-03-20T17:15:48","modified_gmt":"2016-03-20T21:15:48","slug":"le-charlevoisien-le-kitesnow-reviendra-chaque-annee-saint-aime-des-lacs","status":"publish","type":"post","link":"https:\/\/educharlevoix.ca\/traction-ado\/le-charlevoisien-le-kitesnow-reviendra-chaque-annee-saint-aime-des-lacs\/","title":{"rendered":"Le Charlevoisien &#8211; Le kitesnow reviendra, chaque ann\u00e9e, \u00e0 Saint-Aim\u00e9-des-Lacs"},"content":{"rendered":"<p style=\"text-align: justify\"><strong><a href=\"http:\/\/www.lecharlevoisien.com\/actualites\/sports\/287990\/le-kitesnow-reviendra-chaque-annee-a-saint-aime\" target=\"_blank\" rel=\"noopener noreferrer\">Suite \u00e0 l\u2019engouement des kiters devant la beaut\u00e9 et les facilit\u00e9s de la r\u00e9gion lors de la coupe provincial de kitesnow au lac Nairn en fin de semaine, les organisateurs des comp\u00e9titions de cette discipline veulent inclure Charlevoix dans leur calendrier annuel. Une id\u00e9e qui plait \u00e0 la municipalit\u00e9 de Saint-Aim\u00e9-des-Lacs.<\/a><\/strong><\/p>\n","protected":false},"excerpt":{"rendered":"<p>Suite \u00e0 l\u2019engouement des kiters devant la beaut\u00e9 et les facilit\u00e9s de la r\u00e9gion lors de la coupe provincial de kitesnow au lac Nairn en fin de semaine, les organisateurs des comp\u00e9titions de cette discipline veulent inclure Charlevoix dans leur calendrier annuel. Une id\u00e9e qui plait \u00e0 la municipalit\u00e9 de Saint-Aim\u00e9-des-Lacs.<\/p>\n","protected":false},"author":1,"featured_media":0,"comment_status":"open","ping_status":"open","sticky":false,"template":"","format":"standard","meta":[],"categories":[2],"tags":[],"_links":{"self":[{"href":"https:\/\/educharlevoix.ca\/traction-ado\/wp-json\/wp\/v2\/posts\/500"}],"collection":[{"href":"https:\/\/educharlevoix.ca\/traction-ado\/wp-json\/wp\/v2\/posts"}],"about":[{"href":"https:\/\/educharlevoix.ca\/traction-ado\/wp-json\/wp\/v2\/types\/post"}],"author":[{"embeddable":true,"href":"https:\/\/educharlevoix.ca\/traction-ado\/wp-json\/wp\/v2\/users\/1"}],"replies":[{"embeddable":true,"href":"https:\/\/educharlevoix.ca\/traction-ado\/wp-json\/wp\/v2\/comments?post=500"}],"version-history":[{"count":0,"href":"https:\/\/educharlevoix.ca\/traction-ado\/wp-json\/wp\/v2\/posts\/500\/revisions"}],"wp:attachment":[{"href":"https:\/\/educharlevoix.ca\/traction-ado\/wp-json\/wp\/v2\/media?parent=500"}],"wp:term":[{"taxonomy":"category","embeddable":true,"href":"https:\/\/educharlevoix.ca\/traction-ado\/wp-json\/wp\/v2\/categories?post=500"},{"taxonomy":"post_tag","embeddable":true,"href":"https:\/\/educharlevoix.ca\/traction-ado\/wp-json\/wp\/v2\/tags?post=500"}],"curies":[{"name":"wp","href":"https:\/\/api.w.org\/{rel}","templated":true}]}}