{"id":512,"date":"2016-03-29T16:39:29","date_gmt":"2016-03-29T16:39:29","guid":{"rendered":"http:\/\/educharlevoix.ca\/traction-ado\/?p=512"},"modified":"2016-03-29T16:39:29","modified_gmt":"2016-03-29T16:39:29","slug":"dernieres-journees-de-formation-de-lannee-scolaire-2015-2016","status":"publish","type":"post","link":"https:\/\/educharlevoix.ca\/traction-ado\/dernieres-journees-de-formation-de-lannee-scolaire-2015-2016\/","title":{"rendered":"Derni\u00e8res journ\u00e9es de formation de l&rsquo;ann\u00e9e scolaire 2015-2016"},"content":{"rendered":"<p style=\"text-align: justify\"><strong>Les deux derni\u00e8res journ\u00e9es de formation de l&rsquo;ann\u00e9e scolaire 2015-2016 se tiendront les 3 et 23 juin 2016. D&rsquo;ici l\u00e0, vous serez invit\u00e9s \u00e0 venir essayer les wetsuits et les bottes.<\/strong><\/p>\n","protected":false},"excerpt":{"rendered":"<p>Les deux derni\u00e8res journ\u00e9es de formation de l&rsquo;ann\u00e9e scolaire 2015-2016 se tiendront les 3 et 23 juin 2016. D&rsquo;ici l\u00e0, vous serez invit\u00e9s \u00e0 venir essayer les wetsuits et les bottes.<\/p>\n","protected":false},"author":1,"featured_media":0,"comment_status":"open","ping_status":"open","sticky":false,"template":"","format":"standard","meta":[],"categories":[3],"tags":[],"_links":{"self":[{"href":"https:\/\/educharlevoix.ca\/traction-ado\/wp-json\/wp\/v2\/posts\/512"}],"collection":[{"href":"https:\/\/educharlevoix.ca\/traction-ado\/wp-json\/wp\/v2\/posts"}],"about":[{"href":"https:\/\/educharlevoix.ca\/traction-ado\/wp-json\/wp\/v2\/types\/post"}],"author":[{"embeddable":true,"href":"https:\/\/educharlevoix.ca\/traction-ado\/wp-json\/wp\/v2\/users\/1"}],"replies":[{"embeddable":true,"href":"https:\/\/educharlevoix.ca\/traction-ado\/wp-json\/wp\/v2\/comments?post=512"}],"version-history":[{"count":0,"href":"https:\/\/educharlevoix.ca\/traction-ado\/wp-json\/wp\/v2\/posts\/512\/revisions"}],"wp:attachment":[{"href":"https:\/\/educharlevoix.ca\/traction-ado\/wp-json\/wp\/v2\/media?parent=512"}],"wp:term":[{"taxonomy":"category","embeddable":true,"href":"https:\/\/educharlevoix.ca\/traction-ado\/wp-json\/wp\/v2\/categories?post=512"},{"taxonomy":"post_tag","embeddable":true,"href":"https:\/\/educharlevoix.ca\/traction-ado\/wp-json\/wp\/v2\/tags?post=512"}],"curies":[{"name":"wp","href":"https:\/\/api.w.org\/{rel}","templated":true}]}}