{"id":519,"date":"2016-03-30T23:58:34","date_gmt":"2016-03-30T23:58:34","guid":{"rendered":"http:\/\/educharlevoix.ca\/traction-ado\/?p=519"},"modified":"2016-03-30T23:58:34","modified_gmt":"2016-03-30T23:58:34","slug":"remuner-action-1-jean-francois-et-antony","status":"publish","type":"post","link":"https:\/\/educharlevoix.ca\/traction-ado\/remuner-action-1-jean-francois-et-antony\/","title":{"rendered":"R\u00e9mun\u00e9r-Action 1 (Jean-Fran\u00e7ois et Antony)"},"content":{"rendered":"<p style=\"text-align: justify\"><strong>R\u00e9mun\u00e9rer par l\u2019Action : Jean-Fran\u00e7ois et Antony ont r\u00e9alis\u00e9 leurs objectifs de classe. Ils ont donc droit \u00e0 un apr\u00e8s-midi de pratique de pilotage de voile. Bravo les gars!<\/strong><\/p>\n<p style=\"text-align: justify\">\n","protected":false},"excerpt":{"rendered":"<p>R\u00e9mun\u00e9rer par l\u2019Action : Jean-Fran\u00e7ois et Antony ont r\u00e9alis\u00e9 leurs objectifs de classe. Ils ont donc droit \u00e0 un apr\u00e8s-midi de pratique de pilotage de voile. Bravo les gars!<\/p>\n","protected":false},"author":1,"featured_media":0,"comment_status":"open","ping_status":"open","sticky":false,"template":"","format":"standard","meta":[],"categories":[3],"tags":[],"_links":{"self":[{"href":"https:\/\/educharlevoix.ca\/traction-ado\/wp-json\/wp\/v2\/posts\/519"}],"collection":[{"href":"https:\/\/educharlevoix.ca\/traction-ado\/wp-json\/wp\/v2\/posts"}],"about":[{"href":"https:\/\/educharlevoix.ca\/traction-ado\/wp-json\/wp\/v2\/types\/post"}],"author":[{"embeddable":true,"href":"https:\/\/educharlevoix.ca\/traction-ado\/wp-json\/wp\/v2\/users\/1"}],"replies":[{"embeddable":true,"href":"https:\/\/educharlevoix.ca\/traction-ado\/wp-json\/wp\/v2\/comments?post=519"}],"version-history":[{"count":0,"href":"https:\/\/educharlevoix.ca\/traction-ado\/wp-json\/wp\/v2\/posts\/519\/revisions"}],"wp:attachment":[{"href":"https:\/\/educharlevoix.ca\/traction-ado\/wp-json\/wp\/v2\/media?parent=519"}],"wp:term":[{"taxonomy":"category","embeddable":true,"href":"https:\/\/educharlevoix.ca\/traction-ado\/wp-json\/wp\/v2\/categories?post=519"},{"taxonomy":"post_tag","embeddable":true,"href":"https:\/\/educharlevoix.ca\/traction-ado\/wp-json\/wp\/v2\/tags?post=519"}],"curies":[{"name":"wp","href":"https:\/\/api.w.org\/{rel}","templated":true}]}}