{"id":542,"date":"2016-05-08T19:25:13","date_gmt":"2016-05-08T23:25:13","guid":{"rendered":"http:\/\/educharlevoix.ca\/traction-ado\/?p=542"},"modified":"2016-05-08T19:25:13","modified_gmt":"2016-05-08T23:25:13","slug":"ciho-fm-charlevoix-du-kitesurf-en-programme-sports-etudes","status":"publish","type":"post","link":"https:\/\/educharlevoix.ca\/traction-ado\/ciho-fm-charlevoix-du-kitesurf-en-programme-sports-etudes\/","title":{"rendered":"CIHO FM Charlevoix &#8211; Du kitesurf en programme sports-\u00e9tudes"},"content":{"rendered":"<p style=\"text-align: justify\"><a href=\"http:\/\/www.cihofm.com\/nouvelles\/Du-kitesurf-en-programme-sports-etudes-2016-05-08-12-02\" target=\"_blank\" rel=\"noopener noreferrer\"><strong>Deux \u00e9coles secondaires de la Commission scolaire de Charlevoix deviendront les premi\u00e8res en Am\u00e9rique du Nord \u00e0 offrir un programme sports-\u00e9tudes en kitesurf. Apr\u00e8s un an de travail, le projet de Traction Ado-Charlevoix prendra son envol en septembre prochain \u00e0 l\u2019\u00e9cole Saint-Pierre de L\u2019Isle-aux-Coudres et au Centre \u00e9ducatif Saint-Aubin de Baie-Saint-Paul. Les enseignants Philippe Morin et Richard Lahaie, deux passionn\u00e9s du cerf-volant de traction, ont mis sur pied le programme qui s\u2019adresse \u00e0 tous les jeunes d\u2019\u00e2ge secondaire dans les deux \u00e9coles. \u00ab Du c\u00f4t\u00e9 de L\u2019Isle-aux-Coudres, pendant 7 journ\u00e9es durant l\u2019ann\u00e9e, les jeunes pourront sortir des cours pour venir faire du kitesurf avec moi ou un autre superviseur \u00bb, mentionne Philippe Morin. Au Centre \u00e9ducatif Saint-Aubin de Baie-Saint-Paul, \u00ab le programme se d\u00e9clinera sur 5 journ\u00e9es p\u00e9dagogiques, pr\u00e9cise Richard Lahaie, ajoutant qu\u2019avec le volet R\u00e9mun\u00e9rAction, on ajoutera des demi-journ\u00e9es dans l\u2019ann\u00e9e. Si le jeune atteint ses objectifs acad\u00e9miques et obtient de bons r\u00e9sultats, la veille on lui annonce qu\u2019on part en kite le lendemain \u00bb, explique monsieur Lahaie.<\/strong><\/a><\/p>\n","protected":false},"excerpt":{"rendered":"<p>Deux \u00e9coles secondaires de la Commission scolaire de Charlevoix deviendront les premi\u00e8res en Am\u00e9rique du Nord \u00e0 offrir un programme sports-\u00e9tudes en kitesurf. Apr\u00e8s un an de travail, le projet de Traction Ado-Charlevoix prendra son envol en septembre prochain \u00e0 l\u2019\u00e9cole Saint-Pierre de L\u2019Isle-aux-Coudres et au Centre \u00e9ducatif Saint-Aubin de Baie-Saint-Paul. Les enseignants Philippe Morin [&hellip;]<\/p>\n","protected":false},"author":1,"featured_media":612,"comment_status":"open","ping_status":"open","sticky":false,"template":"","format":"standard","meta":[],"categories":[2,3],"tags":[],"_links":{"self":[{"href":"https:\/\/educharlevoix.ca\/traction-ado\/wp-json\/wp\/v2\/posts\/542"}],"collection":[{"href":"https:\/\/educharlevoix.ca\/traction-ado\/wp-json\/wp\/v2\/posts"}],"about":[{"href":"https:\/\/educharlevoix.ca\/traction-ado\/wp-json\/wp\/v2\/types\/post"}],"author":[{"embeddable":true,"href":"https:\/\/educharlevoix.ca\/traction-ado\/wp-json\/wp\/v2\/users\/1"}],"replies":[{"embeddable":true,"href":"https:\/\/educharlevoix.ca\/traction-ado\/wp-json\/wp\/v2\/comments?post=542"}],"version-history":[{"count":0,"href":"https:\/\/educharlevoix.ca\/traction-ado\/wp-json\/wp\/v2\/posts\/542\/revisions"}],"wp:featuredmedia":[{"embeddable":true,"href":"https:\/\/educharlevoix.ca\/traction-ado\/wp-json\/wp\/v2\/media\/612"}],"wp:attachment":[{"href":"https:\/\/educharlevoix.ca\/traction-ado\/wp-json\/wp\/v2\/media?parent=542"}],"wp:term":[{"taxonomy":"category","embeddable":true,"href":"https:\/\/educharlevoix.ca\/traction-ado\/wp-json\/wp\/v2\/categories?post=542"},{"taxonomy":"post_tag","embeddable":true,"href":"https:\/\/educharlevoix.ca\/traction-ado\/wp-json\/wp\/v2\/tags?post=542"}],"curies":[{"name":"wp","href":"https:\/\/api.w.org\/{rel}","templated":true}]}}