{"id":553,"date":"2016-05-19T08:04:43","date_gmt":"2016-05-19T12:04:43","guid":{"rendered":"http:\/\/educharlevoix.ca\/traction-ado\/?p=553"},"modified":"2016-05-19T08:04:43","modified_gmt":"2016-05-19T12:04:43","slug":"centre-educatif-saint-aubin-convention-de-gestion-et-de-reussite-educative","status":"publish","type":"post","link":"https:\/\/educharlevoix.ca\/traction-ado\/centre-educatif-saint-aubin-convention-de-gestion-et-de-reussite-educative\/","title":{"rendered":"Centre \u00e9ducatif Saint-Aubin &#8211; Convention de gestion et de r\u00e9ussite \u00e9ducative"},"content":{"rendered":"<p style=\"text-align: justify\"><strong>Le programme Traction Ado Charlevoix est maintenant int\u00e9gr\u00e9 dans la convention de gestion et de r\u00e9ussite \u00e9ducative du Centre \u00e9ducatif Saint-Aubin. Il est reconnu comme moyen pour am\u00e9liorer la motivation scolaire des \u00e9l\u00e8ves et particuli\u00e8rement des gar\u00e7ons.<\/strong><\/p>\n","protected":false},"excerpt":{"rendered":"<p>Le programme Traction Ado Charlevoix est maintenant int\u00e9gr\u00e9 dans la convention de gestion et de r\u00e9ussite \u00e9ducative du Centre \u00e9ducatif Saint-Aubin. Il est reconnu comme moyen pour am\u00e9liorer la motivation scolaire des \u00e9l\u00e8ves et particuli\u00e8rement des gar\u00e7ons.<\/p>\n","protected":false},"author":1,"featured_media":624,"comment_status":"open","ping_status":"open","sticky":false,"template":"","format":"standard","meta":[],"categories":[3],"tags":[],"_links":{"self":[{"href":"https:\/\/educharlevoix.ca\/traction-ado\/wp-json\/wp\/v2\/posts\/553"}],"collection":[{"href":"https:\/\/educharlevoix.ca\/traction-ado\/wp-json\/wp\/v2\/posts"}],"about":[{"href":"https:\/\/educharlevoix.ca\/traction-ado\/wp-json\/wp\/v2\/types\/post"}],"author":[{"embeddable":true,"href":"https:\/\/educharlevoix.ca\/traction-ado\/wp-json\/wp\/v2\/users\/1"}],"replies":[{"embeddable":true,"href":"https:\/\/educharlevoix.ca\/traction-ado\/wp-json\/wp\/v2\/comments?post=553"}],"version-history":[{"count":0,"href":"https:\/\/educharlevoix.ca\/traction-ado\/wp-json\/wp\/v2\/posts\/553\/revisions"}],"wp:featuredmedia":[{"embeddable":true,"href":"https:\/\/educharlevoix.ca\/traction-ado\/wp-json\/wp\/v2\/media\/624"}],"wp:attachment":[{"href":"https:\/\/educharlevoix.ca\/traction-ado\/wp-json\/wp\/v2\/media?parent=553"}],"wp:term":[{"taxonomy":"category","embeddable":true,"href":"https:\/\/educharlevoix.ca\/traction-ado\/wp-json\/wp\/v2\/categories?post=553"},{"taxonomy":"post_tag","embeddable":true,"href":"https:\/\/educharlevoix.ca\/traction-ado\/wp-json\/wp\/v2\/tags?post=553"}],"curies":[{"name":"wp","href":"https:\/\/api.w.org\/{rel}","templated":true}]}}