{"id":574,"date":"2016-05-06T23:12:35","date_gmt":"2016-05-07T03:12:35","guid":{"rendered":"http:\/\/educharlevoix.ca\/traction-ado\/?p=574"},"modified":"2016-05-06T23:12:35","modified_gmt":"2016-05-07T03:12:35","slug":"le-charlevoisien-programme-traction-ado-charlevoix-le-kite-scolaire-prend-son-envol","status":"publish","type":"post","link":"https:\/\/educharlevoix.ca\/traction-ado\/le-charlevoisien-programme-traction-ado-charlevoix-le-kite-scolaire-prend-son-envol\/","title":{"rendered":"Le Charlevoisien &#8211; Programme Traction Ado Charlevoix: le \u00ab kite \u00bb scolaire prend son envol!"},"content":{"rendered":"<p style=\"text-align: justify\"><a href=\"http:\/\/www.lecharlevoisien.com\/actualites\/education\/291273\/programme-traction-ado-charlevoix-le-kite-scolaire-prend-son-envol\" target=\"_blank\" rel=\"noopener noreferrer\">Deux enseignants passionn\u00e9s de cerf-volant de traction, Philippe Morin et Richard Lahaie, travaillent depuis pr\u00e8s d\u2019un an afin de permettre aux jeunes des \u00e9coles secondaires Saint-Pierre (Isle-aux-Coudres) et Saint-Aubin (Baie-Saint-Paul) de pratiquer ce sport pour le moins enlevant. Leur projet, Traction Ado Charlevoix, d\u00e9colle pour de bon en septembre! \u00ab C\u2019est un projet commun aux deux \u00e9coles. On partage les \u00e9quipements. Charlevoix est une r\u00e9gion parfaite pour le kite! Il y a des plages, du vent, de la neige abondante\u2026 L\u2019Isle-aux-Coudres est un terrain de jeu incroyable pour les amateurs de kite \u00bb, explique Richard Lahaie. Les deux enseignants, qui pratiquent le sport, ont eu envie de le faire conna\u00eetre \u00e0 leurs \u00e9l\u00e8ves qui n\u2019\u00e9taient jusqu\u2019ici qu\u2019une poign\u00e9e \u00e0 y avoir go\u00fbt\u00e9. \u00ab Plein de gens viennent faire du cerf-volant traction dans la r\u00e9gion. Pourquoi pas nos jeunes? On le sent qu\u2019ils ont une curiosit\u00e9 \u00bb, se sont dit les deux comparses. J\u00e9r\u00e9my Gravel, qui a commenc\u00e9 \u00e0 pratiquer le kite en parascolaire, confirme que le sport a la cote. \u00ab C&rsquo;est vraiment un beau sport. \u00c7a aide \u00e0 d\u00e9velopper l&rsquo;autonomie \u00bb, commente-t-il.<\/a><\/p>\n","protected":false},"excerpt":{"rendered":"<p>Deux enseignants passionn\u00e9s de cerf-volant de traction, Philippe Morin et Richard Lahaie, travaillent depuis pr\u00e8s d\u2019un an afin de permettre aux jeunes des \u00e9coles secondaires Saint-Pierre (Isle-aux-Coudres) et Saint-Aubin (Baie-Saint-Paul) de pratiquer ce sport pour le moins enlevant. Leur projet, Traction Ado Charlevoix, d\u00e9colle pour de bon en septembre! \u00ab C\u2019est un projet commun aux [&hellip;]<\/p>\n","protected":false},"author":1,"featured_media":583,"comment_status":"open","ping_status":"open","sticky":false,"template":"","format":"standard","meta":[],"categories":[2,3],"tags":[],"_links":{"self":[{"href":"https:\/\/educharlevoix.ca\/traction-ado\/wp-json\/wp\/v2\/posts\/574"}],"collection":[{"href":"https:\/\/educharlevoix.ca\/traction-ado\/wp-json\/wp\/v2\/posts"}],"about":[{"href":"https:\/\/educharlevoix.ca\/traction-ado\/wp-json\/wp\/v2\/types\/post"}],"author":[{"embeddable":true,"href":"https:\/\/educharlevoix.ca\/traction-ado\/wp-json\/wp\/v2\/users\/1"}],"replies":[{"embeddable":true,"href":"https:\/\/educharlevoix.ca\/traction-ado\/wp-json\/wp\/v2\/comments?post=574"}],"version-history":[{"count":0,"href":"https:\/\/educharlevoix.ca\/traction-ado\/wp-json\/wp\/v2\/posts\/574\/revisions"}],"wp:featuredmedia":[{"embeddable":true,"href":"https:\/\/educharlevoix.ca\/traction-ado\/wp-json\/wp\/v2\/media\/583"}],"wp:attachment":[{"href":"https:\/\/educharlevoix.ca\/traction-ado\/wp-json\/wp\/v2\/media?parent=574"}],"wp:term":[{"taxonomy":"category","embeddable":true,"href":"https:\/\/educharlevoix.ca\/traction-ado\/wp-json\/wp\/v2\/categories?post=574"},{"taxonomy":"post_tag","embeddable":true,"href":"https:\/\/educharlevoix.ca\/traction-ado\/wp-json\/wp\/v2\/tags?post=574"}],"curies":[{"name":"wp","href":"https:\/\/api.w.org\/{rel}","templated":true}]}}