{"id":637,"date":"2016-05-30T09:07:12","date_gmt":"2016-05-30T13:07:12","guid":{"rendered":"http:\/\/educharlevoix.ca\/traction-ado\/?p=637"},"modified":"2016-05-30T09:07:12","modified_gmt":"2016-05-30T13:07:12","slug":"quatrieme-session-de-formation-pour-le-groupe-de-baie-saint-paul","status":"publish","type":"post","link":"https:\/\/educharlevoix.ca\/traction-ado\/quatrieme-session-de-formation-pour-le-groupe-de-baie-saint-paul\/","title":{"rendered":"Quatri\u00e8me session de formation pour le groupe de Baie-Saint-Paul"},"content":{"rendered":"<p style=\"text-align: justify\"><strong>C&rsquo;est vendredi le 3 juin que se tiendra la quatri\u00e8me session de formation pour le groupe de Baie-Saint-Paul. On se rencontre \u00e0 la plage pour 8 H 30. Apportez votre maillot de bain, lunch et carnet de progression. je serai d\u00e9j\u00e0 sur place avec les wetsuits et le mat\u00e9riel.<\/strong><\/p>\n","protected":false},"excerpt":{"rendered":"<p>C&rsquo;est vendredi le 3 juin que se tiendra la quatri\u00e8me session de formation pour le groupe de Baie-Saint-Paul. On se rencontre \u00e0 la plage pour 8 H 30. Apportez votre maillot de bain, lunch et carnet de progression. je serai d\u00e9j\u00e0 sur place avec les wetsuits et le mat\u00e9riel.<\/p>\n","protected":false},"author":1,"featured_media":0,"comment_status":"open","ping_status":"open","sticky":false,"template":"","format":"standard","meta":[],"categories":[3],"tags":[],"_links":{"self":[{"href":"https:\/\/educharlevoix.ca\/traction-ado\/wp-json\/wp\/v2\/posts\/637"}],"collection":[{"href":"https:\/\/educharlevoix.ca\/traction-ado\/wp-json\/wp\/v2\/posts"}],"about":[{"href":"https:\/\/educharlevoix.ca\/traction-ado\/wp-json\/wp\/v2\/types\/post"}],"author":[{"embeddable":true,"href":"https:\/\/educharlevoix.ca\/traction-ado\/wp-json\/wp\/v2\/users\/1"}],"replies":[{"embeddable":true,"href":"https:\/\/educharlevoix.ca\/traction-ado\/wp-json\/wp\/v2\/comments?post=637"}],"version-history":[{"count":0,"href":"https:\/\/educharlevoix.ca\/traction-ado\/wp-json\/wp\/v2\/posts\/637\/revisions"}],"wp:attachment":[{"href":"https:\/\/educharlevoix.ca\/traction-ado\/wp-json\/wp\/v2\/media?parent=637"}],"wp:term":[{"taxonomy":"category","embeddable":true,"href":"https:\/\/educharlevoix.ca\/traction-ado\/wp-json\/wp\/v2\/categories?post=637"},{"taxonomy":"post_tag","embeddable":true,"href":"https:\/\/educharlevoix.ca\/traction-ado\/wp-json\/wp\/v2\/tags?post=637"}],"curies":[{"name":"wp","href":"https:\/\/api.w.org\/{rel}","templated":true}]}}