{"id":644,"date":"2016-06-02T17:20:30","date_gmt":"2016-06-02T21:20:30","guid":{"rendered":"http:\/\/educharlevoix.ca\/traction-ado\/?p=644"},"modified":"2016-06-02T17:20:30","modified_gmt":"2016-06-02T21:20:30","slug":"remuner-action-2-koryn-et-jason","status":"publish","type":"post","link":"https:\/\/educharlevoix.ca\/traction-ado\/remuner-action-2-koryn-et-jason\/","title":{"rendered":"R\u00e9mun\u00e9r-Action 2 Koryn et Jason"},"content":{"rendered":"<p style=\"text-align: justify\"><strong>Bravo \u00e0 Koryn et Jason pour le beau contr\u00f4le de voile. Koryn est la premi\u00e8re fille \u00e0 Baie-Saint-Paul en kite \u00e0 boudins. Jason en \u00e9tait \u00e0 sa premi\u00e8re exp\u00e9rience en buggy. On recommence la semaine prochaine!<\/strong><\/p>\n","protected":false},"excerpt":{"rendered":"<p>Bravo \u00e0 Koryn et Jason pour le beau contr\u00f4le de voile. Koryn est la premi\u00e8re fille \u00e0 Baie-Saint-Paul en kite \u00e0 boudins. Jason en \u00e9tait \u00e0 sa premi\u00e8re exp\u00e9rience en buggy. On recommence la semaine prochaine!<\/p>\n","protected":false},"author":1,"featured_media":0,"comment_status":"open","ping_status":"open","sticky":false,"template":"","format":"standard","meta":[],"categories":[3],"tags":[],"_links":{"self":[{"href":"https:\/\/educharlevoix.ca\/traction-ado\/wp-json\/wp\/v2\/posts\/644"}],"collection":[{"href":"https:\/\/educharlevoix.ca\/traction-ado\/wp-json\/wp\/v2\/posts"}],"about":[{"href":"https:\/\/educharlevoix.ca\/traction-ado\/wp-json\/wp\/v2\/types\/post"}],"author":[{"embeddable":true,"href":"https:\/\/educharlevoix.ca\/traction-ado\/wp-json\/wp\/v2\/users\/1"}],"replies":[{"embeddable":true,"href":"https:\/\/educharlevoix.ca\/traction-ado\/wp-json\/wp\/v2\/comments?post=644"}],"version-history":[{"count":0,"href":"https:\/\/educharlevoix.ca\/traction-ado\/wp-json\/wp\/v2\/posts\/644\/revisions"}],"wp:attachment":[{"href":"https:\/\/educharlevoix.ca\/traction-ado\/wp-json\/wp\/v2\/media?parent=644"}],"wp:term":[{"taxonomy":"category","embeddable":true,"href":"https:\/\/educharlevoix.ca\/traction-ado\/wp-json\/wp\/v2\/categories?post=644"},{"taxonomy":"post_tag","embeddable":true,"href":"https:\/\/educharlevoix.ca\/traction-ado\/wp-json\/wp\/v2\/tags?post=644"}],"curies":[{"name":"wp","href":"https:\/\/api.w.org\/{rel}","templated":true}]}}