{"id":646,"date":"2016-06-03T22:09:12","date_gmt":"2016-06-04T02:09:12","guid":{"rendered":"http:\/\/educharlevoix.ca\/traction-ado\/?p=646"},"modified":"2016-06-03T22:09:12","modified_gmt":"2016-06-04T02:09:12","slug":"premiere-session-dans-leau-pour-le-groupe-de-baie-saint-paul","status":"publish","type":"post","link":"https:\/\/educharlevoix.ca\/traction-ado\/premiere-session-dans-leau-pour-le-groupe-de-baie-saint-paul\/","title":{"rendered":"Premi\u00e8re session dans l&rsquo;eau pour le groupe de Baie-Saint-Paul"},"content":{"rendered":"<p style=\"text-align: justify\"><strong>Pratique de d\u00e9collage, red\u00e9collage, maniement de la voile dans l&rsquo;eau et atterrissage en s\u00e9curit\u00e9.Bravo \u00e0 J\u00e9r\u00e9my, Thierry et James. On se revoit le 23 juin pour notre derni\u00e8re session de l&rsquo;ann\u00e9e.<\/strong><\/p>\n","protected":false},"excerpt":{"rendered":"<p>Pratique de d\u00e9collage, red\u00e9collage, maniement de la voile dans l&rsquo;eau et atterrissage en s\u00e9curit\u00e9.Bravo \u00e0 J\u00e9r\u00e9my, Thierry et James. On se revoit le 23 juin pour notre derni\u00e8re session de l&rsquo;ann\u00e9e.<\/p>\n","protected":false},"author":1,"featured_media":653,"comment_status":"open","ping_status":"open","sticky":false,"template":"","format":"standard","meta":[],"categories":[3],"tags":[],"_links":{"self":[{"href":"https:\/\/educharlevoix.ca\/traction-ado\/wp-json\/wp\/v2\/posts\/646"}],"collection":[{"href":"https:\/\/educharlevoix.ca\/traction-ado\/wp-json\/wp\/v2\/posts"}],"about":[{"href":"https:\/\/educharlevoix.ca\/traction-ado\/wp-json\/wp\/v2\/types\/post"}],"author":[{"embeddable":true,"href":"https:\/\/educharlevoix.ca\/traction-ado\/wp-json\/wp\/v2\/users\/1"}],"replies":[{"embeddable":true,"href":"https:\/\/educharlevoix.ca\/traction-ado\/wp-json\/wp\/v2\/comments?post=646"}],"version-history":[{"count":0,"href":"https:\/\/educharlevoix.ca\/traction-ado\/wp-json\/wp\/v2\/posts\/646\/revisions"}],"wp:featuredmedia":[{"embeddable":true,"href":"https:\/\/educharlevoix.ca\/traction-ado\/wp-json\/wp\/v2\/media\/653"}],"wp:attachment":[{"href":"https:\/\/educharlevoix.ca\/traction-ado\/wp-json\/wp\/v2\/media?parent=646"}],"wp:term":[{"taxonomy":"category","embeddable":true,"href":"https:\/\/educharlevoix.ca\/traction-ado\/wp-json\/wp\/v2\/categories?post=646"},{"taxonomy":"post_tag","embeddable":true,"href":"https:\/\/educharlevoix.ca\/traction-ado\/wp-json\/wp\/v2\/tags?post=646"}],"curies":[{"name":"wp","href":"https:\/\/api.w.org\/{rel}","templated":true}]}}