{"id":668,"date":"2016-06-14T18:50:00","date_gmt":"2016-06-14T22:50:00","guid":{"rendered":"http:\/\/educharlevoix.ca\/traction-ado\/?p=668"},"modified":"2016-06-14T18:50:00","modified_gmt":"2016-06-14T22:50:00","slug":"formation-d-instructeur-iko","status":"publish","type":"post","link":"https:\/\/educharlevoix.ca\/traction-ado\/formation-d-instructeur-iko\/","title":{"rendered":"Formation d&rsquo;instructeur IKO"},"content":{"rendered":"<p style=\"text-align: justify\"><strong>Vos instructeurs Philippe et Richard sont actuellement du 12 au 19 juin en formation IKO \u00e0 l\u2019\u00e9cole Progression Kite au Lac-Saint-Jean et vous promettent un enseignement et une progression am\u00e9lior\u00e9e.<\/strong><\/p>\n<p style=\"text-align: justify\"><strong>\u00a0<\/strong><\/p>\n","protected":false},"excerpt":{"rendered":"<p>Vos instructeurs Philippe et Richard sont actuellement du 12 au 19 juin en formation IKO \u00e0 l\u2019\u00e9cole Progression Kite au Lac-Saint-Jean et vous promettent un enseignement et une progression am\u00e9lior\u00e9e. \u00a0<\/p>\n","protected":false},"author":1,"featured_media":669,"comment_status":"open","ping_status":"open","sticky":false,"template":"","format":"standard","meta":[],"categories":[3],"tags":[],"_links":{"self":[{"href":"https:\/\/educharlevoix.ca\/traction-ado\/wp-json\/wp\/v2\/posts\/668"}],"collection":[{"href":"https:\/\/educharlevoix.ca\/traction-ado\/wp-json\/wp\/v2\/posts"}],"about":[{"href":"https:\/\/educharlevoix.ca\/traction-ado\/wp-json\/wp\/v2\/types\/post"}],"author":[{"embeddable":true,"href":"https:\/\/educharlevoix.ca\/traction-ado\/wp-json\/wp\/v2\/users\/1"}],"replies":[{"embeddable":true,"href":"https:\/\/educharlevoix.ca\/traction-ado\/wp-json\/wp\/v2\/comments?post=668"}],"version-history":[{"count":0,"href":"https:\/\/educharlevoix.ca\/traction-ado\/wp-json\/wp\/v2\/posts\/668\/revisions"}],"wp:featuredmedia":[{"embeddable":true,"href":"https:\/\/educharlevoix.ca\/traction-ado\/wp-json\/wp\/v2\/media\/669"}],"wp:attachment":[{"href":"https:\/\/educharlevoix.ca\/traction-ado\/wp-json\/wp\/v2\/media?parent=668"}],"wp:term":[{"taxonomy":"category","embeddable":true,"href":"https:\/\/educharlevoix.ca\/traction-ado\/wp-json\/wp\/v2\/categories?post=668"},{"taxonomy":"post_tag","embeddable":true,"href":"https:\/\/educharlevoix.ca\/traction-ado\/wp-json\/wp\/v2\/tags?post=668"}],"curies":[{"name":"wp","href":"https:\/\/api.w.org\/{rel}","templated":true}]}}