{"id":672,"date":"2016-06-17T07:41:02","date_gmt":"2016-06-17T11:41:02","guid":{"rendered":"http:\/\/educharlevoix.ca\/traction-ado\/?p=672"},"modified":"2016-06-17T07:41:02","modified_gmt":"2016-06-17T11:41:02","slug":"derniere-session-de-formation-2016","status":"publish","type":"post","link":"https:\/\/educharlevoix.ca\/traction-ado\/derniere-session-de-formation-2016\/","title":{"rendered":"Derni\u00e8re session de formation 2016"},"content":{"rendered":"<p style=\"text-align: justify\"><strong>Derni\u00e8re session de formation pour le groupe de Saint-Aubin: jeudi, 23 juin. Rendez-vous \u00e0 la plage de Baie-Saint-Paul \u00e0 9h30. Au programme: nage tract\u00e9e et d\u00e9but des waterstarts. Apportez votre maillot, de l&rsquo;eau, votre lunch, cr\u00e8me et lunette solaire.<\/strong><\/p>\n","protected":false},"excerpt":{"rendered":"<p>Derni\u00e8re session de formation pour le groupe de Saint-Aubin: jeudi, 23 juin. Rendez-vous \u00e0 la plage de Baie-Saint-Paul \u00e0 9h30. Au programme: nage tract\u00e9e et d\u00e9but des waterstarts. Apportez votre maillot, de l&rsquo;eau, votre lunch, cr\u00e8me et lunette solaire.<\/p>\n","protected":false},"author":1,"featured_media":0,"comment_status":"open","ping_status":"open","sticky":false,"template":"","format":"standard","meta":[],"categories":[3],"tags":[],"_links":{"self":[{"href":"https:\/\/educharlevoix.ca\/traction-ado\/wp-json\/wp\/v2\/posts\/672"}],"collection":[{"href":"https:\/\/educharlevoix.ca\/traction-ado\/wp-json\/wp\/v2\/posts"}],"about":[{"href":"https:\/\/educharlevoix.ca\/traction-ado\/wp-json\/wp\/v2\/types\/post"}],"author":[{"embeddable":true,"href":"https:\/\/educharlevoix.ca\/traction-ado\/wp-json\/wp\/v2\/users\/1"}],"replies":[{"embeddable":true,"href":"https:\/\/educharlevoix.ca\/traction-ado\/wp-json\/wp\/v2\/comments?post=672"}],"version-history":[{"count":0,"href":"https:\/\/educharlevoix.ca\/traction-ado\/wp-json\/wp\/v2\/posts\/672\/revisions"}],"wp:attachment":[{"href":"https:\/\/educharlevoix.ca\/traction-ado\/wp-json\/wp\/v2\/media?parent=672"}],"wp:term":[{"taxonomy":"category","embeddable":true,"href":"https:\/\/educharlevoix.ca\/traction-ado\/wp-json\/wp\/v2\/categories?post=672"},{"taxonomy":"post_tag","embeddable":true,"href":"https:\/\/educharlevoix.ca\/traction-ado\/wp-json\/wp\/v2\/tags?post=672"}],"curies":[{"name":"wp","href":"https:\/\/api.w.org\/{rel}","templated":true}]}}