{"id":684,"date":"2016-06-23T18:16:08","date_gmt":"2016-06-23T22:16:08","guid":{"rendered":"http:\/\/educharlevoix.ca\/traction-ado\/?p=684"},"modified":"2016-06-23T18:16:08","modified_gmt":"2016-06-23T22:16:08","slug":"derniere-lecon-de-lannee-scolaire-2015-2016","status":"publish","type":"post","link":"https:\/\/educharlevoix.ca\/traction-ado\/derniere-lecon-de-lannee-scolaire-2015-2016\/","title":{"rendered":"Derni\u00e8re le\u00e7on de l&rsquo;ann\u00e9e scolaire 2015-2016"},"content":{"rendered":"<p style=\"text-align: justify\"><strong>Malgr\u00e9 le vent absent, les jeunes ont eu la chance de d\u00e9couvrir le merveilleux \u00ab\u00a0spot\u00a0\u00bb du pilier \u00e0 l&rsquo;Isle-aux-Coudres. Nous avons d\u00e9montr\u00e9 les \u00e9tapes de mise \u00e0 l&rsquo;eau sp\u00e9cifique \u00e0 ce site. Quand \u00c9ole se cache, il faut \u00eatre cr\u00e9atif en proposant des exercices reli\u00e9s aux notions apprises cette ann\u00e9e. Bravo aux deux groupes de jeunes charlevoisiens! On se donne rendez-vous d\u00e8s la fin ao\u00fbt. D&rsquo;ici l\u00e0, Philippe et Richard vous souhaitent bonnes vacances et restez dans le vent.<\/strong><\/p>\n<figure id=\"attachment_686\" aria-describedby=\"caption-attachment-686\" style=\"width: 500px\" class=\"wp-caption alignnone\"><img decoding=\"async\" loading=\"lazy\" class=\"size-medium wp-image-686\" src=\"http:\/\/educharlevoix.ca\/traction-ado\/wp-content\/uploads\/2016\/06\/GOPR1631-500x375.jpg\" alt=\"DCIM100GOPRO\" width=\"500\" height=\"375\" \/><figcaption id=\"caption-attachment-686\" class=\"wp-caption-text\">DCIM100GOPRO<\/figcaption><\/figure>\n<figure id=\"attachment_687\" aria-describedby=\"caption-attachment-687\" style=\"width: 500px\" class=\"wp-caption alignnone\"><img decoding=\"async\" loading=\"lazy\" class=\"size-medium wp-image-687\" src=\"http:\/\/educharlevoix.ca\/traction-ado\/wp-content\/uploads\/2016\/06\/GOPR1639-500x375.jpg\" alt=\"DCIM100GOPRO\" width=\"500\" height=\"375\" \/><figcaption id=\"caption-attachment-687\" class=\"wp-caption-text\">DCIM100GOPRO<\/figcaption><\/figure>\n","protected":false},"excerpt":{"rendered":"<p>Malgr\u00e9 le vent absent, les jeunes ont eu la chance de d\u00e9couvrir le merveilleux \u00ab\u00a0spot\u00a0\u00bb du pilier \u00e0 l&rsquo;Isle-aux-Coudres. Nous avons d\u00e9montr\u00e9 les \u00e9tapes de mise \u00e0 l&rsquo;eau sp\u00e9cifique \u00e0 ce site. Quand \u00c9ole se cache, il faut \u00eatre cr\u00e9atif en proposant des exercices reli\u00e9s aux notions apprises cette ann\u00e9e. Bravo aux deux groupes de [&hellip;]<\/p>\n","protected":false},"author":1,"featured_media":685,"comment_status":"open","ping_status":"open","sticky":false,"template":"","format":"standard","meta":[],"categories":[3],"tags":[],"_links":{"self":[{"href":"https:\/\/educharlevoix.ca\/traction-ado\/wp-json\/wp\/v2\/posts\/684"}],"collection":[{"href":"https:\/\/educharlevoix.ca\/traction-ado\/wp-json\/wp\/v2\/posts"}],"about":[{"href":"https:\/\/educharlevoix.ca\/traction-ado\/wp-json\/wp\/v2\/types\/post"}],"author":[{"embeddable":true,"href":"https:\/\/educharlevoix.ca\/traction-ado\/wp-json\/wp\/v2\/users\/1"}],"replies":[{"embeddable":true,"href":"https:\/\/educharlevoix.ca\/traction-ado\/wp-json\/wp\/v2\/comments?post=684"}],"version-history":[{"count":0,"href":"https:\/\/educharlevoix.ca\/traction-ado\/wp-json\/wp\/v2\/posts\/684\/revisions"}],"wp:featuredmedia":[{"embeddable":true,"href":"https:\/\/educharlevoix.ca\/traction-ado\/wp-json\/wp\/v2\/media\/685"}],"wp:attachment":[{"href":"https:\/\/educharlevoix.ca\/traction-ado\/wp-json\/wp\/v2\/media?parent=684"}],"wp:term":[{"taxonomy":"category","embeddable":true,"href":"https:\/\/educharlevoix.ca\/traction-ado\/wp-json\/wp\/v2\/categories?post=684"},{"taxonomy":"post_tag","embeddable":true,"href":"https:\/\/educharlevoix.ca\/traction-ado\/wp-json\/wp\/v2\/tags?post=684"}],"curies":[{"name":"wp","href":"https:\/\/api.w.org\/{rel}","templated":true}]}}