{"id":719,"date":"2016-08-23T12:55:36","date_gmt":"2016-08-23T16:55:36","guid":{"rendered":"http:\/\/educharlevoix.ca\/traction-ado\/?p=719"},"modified":"2016-08-23T12:55:36","modified_gmt":"2016-08-23T16:55:36","slug":"traction-ado-charlevoix-en-vacances","status":"publish","type":"post","link":"https:\/\/educharlevoix.ca\/traction-ado\/traction-ado-charlevoix-en-vacances\/","title":{"rendered":"Traction Ado Charlevoix en vacances"},"content":{"rendered":"<p>Philippe pilotant la voile CORE XR4 17M pour la premi\u00e8re fois cet \u00e9t\u00e9.<\/p>\n","protected":false},"excerpt":{"rendered":"<p>Philippe pilotant la voile CORE XR4 17M pour la premi\u00e8re fois cet \u00e9t\u00e9.<\/p>\n","protected":false},"author":1,"featured_media":0,"comment_status":"closed","ping_status":"open","sticky":false,"template":"","format":"standard","meta":[],"categories":[3,5],"tags":[],"_links":{"self":[{"href":"https:\/\/educharlevoix.ca\/traction-ado\/wp-json\/wp\/v2\/posts\/719"}],"collection":[{"href":"https:\/\/educharlevoix.ca\/traction-ado\/wp-json\/wp\/v2\/posts"}],"about":[{"href":"https:\/\/educharlevoix.ca\/traction-ado\/wp-json\/wp\/v2\/types\/post"}],"author":[{"embeddable":true,"href":"https:\/\/educharlevoix.ca\/traction-ado\/wp-json\/wp\/v2\/users\/1"}],"replies":[{"embeddable":true,"href":"https:\/\/educharlevoix.ca\/traction-ado\/wp-json\/wp\/v2\/comments?post=719"}],"version-history":[{"count":0,"href":"https:\/\/educharlevoix.ca\/traction-ado\/wp-json\/wp\/v2\/posts\/719\/revisions"}],"wp:attachment":[{"href":"https:\/\/educharlevoix.ca\/traction-ado\/wp-json\/wp\/v2\/media?parent=719"}],"wp:term":[{"taxonomy":"category","embeddable":true,"href":"https:\/\/educharlevoix.ca\/traction-ado\/wp-json\/wp\/v2\/categories?post=719"},{"taxonomy":"post_tag","embeddable":true,"href":"https:\/\/educharlevoix.ca\/traction-ado\/wp-json\/wp\/v2\/tags?post=719"}],"curies":[{"name":"wp","href":"https:\/\/api.w.org\/{rel}","templated":true}]}}