{"id":74,"date":"2015-10-05T22:19:40","date_gmt":"2015-10-05T22:19:40","guid":{"rendered":"http:\/\/educharlevoix.ca\/traction-ado\/?p=74"},"modified":"2015-10-05T22:19:40","modified_gmt":"2015-10-05T22:19:40","slug":"premier-cours-saint-aubin","status":"publish","type":"post","link":"https:\/\/educharlevoix.ca\/traction-ado\/premier-cours-saint-aubin\/","title":{"rendered":"Premier cours (Saint-Aubin)"},"content":{"rendered":"<p>Tr\u00e8s belle journ\u00e9e en compagnie de James, Thierry et Samuel. Les gars apprennent rapidement. On a pass\u00e9 \u00e0 travers presque toutes les notions th\u00e9oriques et les habilet\u00e9s du niveau 1. \u00a0Bravo \u00e0 tous. La prochaine rencontre se d\u00e9roulera sur la neige, en mode traction avec les harnais et les kites \u00e0 boudins. \u00a0Aux parents, \u00a0je vous encourage \u00e0 questionner votre jeune sur sa premi\u00e8re exp\u00e9rience de kite. Lors de nos prochaines formations, nous aurons le privil\u00e8ge d&rsquo;avoir un cam\u00e9raman. Des vid\u00e9os et photos seront alors publi\u00e9es sur ce site.<\/p>\n<p>Bons vents<\/p>\n<p><img decoding=\"async\" class=\"ngg_displayed_gallery mceItem\" src=\"http:\/\/educharlevoix.ca\/traction-ado\/nextgen-attach_to_post\/preview\/id--207\" alt=\"\" \/><\/p>\n","protected":false},"excerpt":{"rendered":"<p>Tr\u00e8s belle journ\u00e9e en compagnie de James, Thierry et Samuel. Les gars apprennent rapidement. On a pass\u00e9 \u00e0 travers presque toutes les notions th\u00e9oriques et les habilet\u00e9s du niveau 1. \u00a0Bravo \u00e0 tous. La prochaine rencontre se d\u00e9roulera sur la neige, en mode traction avec les harnais et les kites \u00e0 boudins. \u00a0Aux parents, \u00a0je [&hellip;]<\/p>\n","protected":false},"author":1,"featured_media":78,"comment_status":"open","ping_status":"open","sticky":false,"template":"","format":"standard","meta":[],"categories":[3],"tags":[],"_links":{"self":[{"href":"https:\/\/educharlevoix.ca\/traction-ado\/wp-json\/wp\/v2\/posts\/74"}],"collection":[{"href":"https:\/\/educharlevoix.ca\/traction-ado\/wp-json\/wp\/v2\/posts"}],"about":[{"href":"https:\/\/educharlevoix.ca\/traction-ado\/wp-json\/wp\/v2\/types\/post"}],"author":[{"embeddable":true,"href":"https:\/\/educharlevoix.ca\/traction-ado\/wp-json\/wp\/v2\/users\/1"}],"replies":[{"embeddable":true,"href":"https:\/\/educharlevoix.ca\/traction-ado\/wp-json\/wp\/v2\/comments?post=74"}],"version-history":[{"count":0,"href":"https:\/\/educharlevoix.ca\/traction-ado\/wp-json\/wp\/v2\/posts\/74\/revisions"}],"wp:featuredmedia":[{"embeddable":true,"href":"https:\/\/educharlevoix.ca\/traction-ado\/wp-json\/wp\/v2\/media\/78"}],"wp:attachment":[{"href":"https:\/\/educharlevoix.ca\/traction-ado\/wp-json\/wp\/v2\/media?parent=74"}],"wp:term":[{"taxonomy":"category","embeddable":true,"href":"https:\/\/educharlevoix.ca\/traction-ado\/wp-json\/wp\/v2\/categories?post=74"},{"taxonomy":"post_tag","embeddable":true,"href":"https:\/\/educharlevoix.ca\/traction-ado\/wp-json\/wp\/v2\/tags?post=74"}],"curies":[{"name":"wp","href":"https:\/\/api.w.org\/{rel}","templated":true}]}}