{"id":745,"date":"2016-10-04T07:04:05","date_gmt":"2016-10-04T11:04:05","guid":{"rendered":"http:\/\/educharlevoix.ca\/traction-ado\/?p=745"},"modified":"2016-10-04T07:04:05","modified_gmt":"2016-10-04T11:04:05","slug":"premiere-session-de-formation-2016-17","status":"publish","type":"post","link":"https:\/\/educharlevoix.ca\/traction-ado\/premiere-session-de-formation-2016-17\/","title":{"rendered":"Premi\u00e8re session de formation 2016-17"},"content":{"rendered":"<p>La premi\u00e8re session de formation pour Saint-Aubin se tiendra vendredi le 7 octobre. Les 7 \u00e9l\u00e8ves inscrits sont invit\u00e9s d\u00e8s 9h00 \u00e0 mon local, au E-56. Apr\u00e8s un atelier th\u00e9orique, nous nous rendrons au quai de Baie-Saint-Paul pour pratiquer le pilotage de kite. Pr\u00e9voir un lunch, de l&rsquo;eau, des v\u00eatements amples et votre sourire.<\/p>\n<p>Bons vents<\/p>\n","protected":false},"excerpt":{"rendered":"<p>La premi\u00e8re session de formation pour Saint-Aubin se tiendra vendredi le 7 octobre. Les 7 \u00e9l\u00e8ves inscrits sont invit\u00e9s d\u00e8s 9h00 \u00e0 mon local, au E-56. Apr\u00e8s un atelier th\u00e9orique, nous nous rendrons au quai de Baie-Saint-Paul pour pratiquer le pilotage de kite. Pr\u00e9voir un lunch, de l&rsquo;eau, des v\u00eatements amples et votre sourire. Bons [&hellip;]<\/p>\n","protected":false},"author":1,"featured_media":624,"comment_status":"closed","ping_status":"open","sticky":false,"template":"","format":"standard","meta":[],"categories":[3],"tags":[],"_links":{"self":[{"href":"https:\/\/educharlevoix.ca\/traction-ado\/wp-json\/wp\/v2\/posts\/745"}],"collection":[{"href":"https:\/\/educharlevoix.ca\/traction-ado\/wp-json\/wp\/v2\/posts"}],"about":[{"href":"https:\/\/educharlevoix.ca\/traction-ado\/wp-json\/wp\/v2\/types\/post"}],"author":[{"embeddable":true,"href":"https:\/\/educharlevoix.ca\/traction-ado\/wp-json\/wp\/v2\/users\/1"}],"replies":[{"embeddable":true,"href":"https:\/\/educharlevoix.ca\/traction-ado\/wp-json\/wp\/v2\/comments?post=745"}],"version-history":[{"count":0,"href":"https:\/\/educharlevoix.ca\/traction-ado\/wp-json\/wp\/v2\/posts\/745\/revisions"}],"wp:featuredmedia":[{"embeddable":true,"href":"https:\/\/educharlevoix.ca\/traction-ado\/wp-json\/wp\/v2\/media\/624"}],"wp:attachment":[{"href":"https:\/\/educharlevoix.ca\/traction-ado\/wp-json\/wp\/v2\/media?parent=745"}],"wp:term":[{"taxonomy":"category","embeddable":true,"href":"https:\/\/educharlevoix.ca\/traction-ado\/wp-json\/wp\/v2\/categories?post=745"},{"taxonomy":"post_tag","embeddable":true,"href":"https:\/\/educharlevoix.ca\/traction-ado\/wp-json\/wp\/v2\/tags?post=745"}],"curies":[{"name":"wp","href":"https:\/\/api.w.org\/{rel}","templated":true}]}}