{"id":749,"date":"2016-10-07T21:16:37","date_gmt":"2016-10-08T01:16:37","guid":{"rendered":"http:\/\/educharlevoix.ca\/traction-ado\/?p=749"},"modified":"2016-10-07T21:16:37","modified_gmt":"2016-10-08T01:16:37","slug":"premiere-session-de-formation-saint-aubin-2016-17","status":"publish","type":"post","link":"https:\/\/educharlevoix.ca\/traction-ado\/premiere-session-de-formation-saint-aubin-2016-17\/","title":{"rendered":"Premi\u00e8re session de formation (Saint-Aubin 2016-17)"},"content":{"rendered":"<p>Quelle belle journ\u00e9e!<br \/>\nBravo \u00e0 James, Joshua, Michel et Sa\u00efan (premi\u00e8re fille) pour leurs premiers pilotages. J\u00e9r\u00e9mi s&rsquo;est m\u00eame essay\u00e9 en buggy. Une gang plein de potentiel.<br \/>\nJe suis fier de vous!<br \/>\nMerci \u00e0 Ludovic Gervais pour l&rsquo;encadrement du groupe des avanc\u00e9s.<br \/>\nDes photos et vid\u00e9os suivront bient\u00f4t<\/p>\n","protected":false},"excerpt":{"rendered":"<p>Quelle belle journ\u00e9e! Bravo \u00e0 James, Joshua, Michel et Sa\u00efan (premi\u00e8re fille) pour leurs premiers pilotages. J\u00e9r\u00e9mi s&rsquo;est m\u00eame essay\u00e9 en buggy. Une gang plein de potentiel. Je suis fier de vous! Merci \u00e0 Ludovic Gervais pour l&rsquo;encadrement du groupe des avanc\u00e9s. Des photos et vid\u00e9os suivront bient\u00f4t<\/p>\n","protected":false},"author":1,"featured_media":0,"comment_status":"closed","ping_status":"open","sticky":false,"template":"","format":"standard","meta":[],"categories":[3],"tags":[],"_links":{"self":[{"href":"https:\/\/educharlevoix.ca\/traction-ado\/wp-json\/wp\/v2\/posts\/749"}],"collection":[{"href":"https:\/\/educharlevoix.ca\/traction-ado\/wp-json\/wp\/v2\/posts"}],"about":[{"href":"https:\/\/educharlevoix.ca\/traction-ado\/wp-json\/wp\/v2\/types\/post"}],"author":[{"embeddable":true,"href":"https:\/\/educharlevoix.ca\/traction-ado\/wp-json\/wp\/v2\/users\/1"}],"replies":[{"embeddable":true,"href":"https:\/\/educharlevoix.ca\/traction-ado\/wp-json\/wp\/v2\/comments?post=749"}],"version-history":[{"count":0,"href":"https:\/\/educharlevoix.ca\/traction-ado\/wp-json\/wp\/v2\/posts\/749\/revisions"}],"wp:attachment":[{"href":"https:\/\/educharlevoix.ca\/traction-ado\/wp-json\/wp\/v2\/media?parent=749"}],"wp:term":[{"taxonomy":"category","embeddable":true,"href":"https:\/\/educharlevoix.ca\/traction-ado\/wp-json\/wp\/v2\/categories?post=749"},{"taxonomy":"post_tag","embeddable":true,"href":"https:\/\/educharlevoix.ca\/traction-ado\/wp-json\/wp\/v2\/tags?post=749"}],"curies":[{"name":"wp","href":"https:\/\/api.w.org\/{rel}","templated":true}]}}