{"id":777,"date":"2017-05-30T18:43:19","date_gmt":"2017-05-30T22:43:19","guid":{"rendered":"http:\/\/educharlevoix.ca\/traction-ado\/?p=777"},"modified":"2017-05-30T18:43:19","modified_gmt":"2017-05-30T22:43:19","slug":"gala-parascolaire-2016-2017","status":"publish","type":"post","link":"https:\/\/educharlevoix.ca\/traction-ado\/gala-parascolaire-2016-2017\/","title":{"rendered":"Gala parascolaire 2016-2017"},"content":{"rendered":"<hr>\n<p>Lors du gala parascolaire 2016-2017 du Centre \u00e9ducatif Saint-Aubin, deux \u00e9l\u00e8ves ont \u00e9t\u00e9 reconnus pour leur engagement, leur pers\u00e9v\u00e9rance et leur contr\u00f4le de voile. Bravo \u00e0 Sa\u00efann Saint-Louis (sec4) et James Savard-ferguson (sec1).<\/p>\n<p><img decoding=\"async\" loading=\"lazy\" class=\"alignnone size-medium wp-image-778\" src=\"https:\/\/educharlevoix.ca\/traction-ado\/wp-content\/uploads\/2017\/05\/image-e1496183859949-1-1-375x500.jpeg\" alt=\"\" width=\"375\" height=\"500\"><\/p>\n","protected":false},"excerpt":{"rendered":"<p>Lors du gala parascolaire 2016-2017 du Centre \u00e9ducatif Saint-Aubin, deux \u00e9l\u00e8ves ont \u00e9t\u00e9 reconnus pour leur engagement, leur pers\u00e9v\u00e9rance et leur contr\u00f4le de voile. Bravo \u00e0 Sa\u00efann Saint-Louis (sec4) et James Savard-ferguson (sec1).<\/p>\n","protected":false},"author":1,"featured_media":0,"comment_status":"closed","ping_status":"open","sticky":false,"template":"","format":"standard","meta":[],"categories":[3],"tags":[],"_links":{"self":[{"href":"https:\/\/educharlevoix.ca\/traction-ado\/wp-json\/wp\/v2\/posts\/777"}],"collection":[{"href":"https:\/\/educharlevoix.ca\/traction-ado\/wp-json\/wp\/v2\/posts"}],"about":[{"href":"https:\/\/educharlevoix.ca\/traction-ado\/wp-json\/wp\/v2\/types\/post"}],"author":[{"embeddable":true,"href":"https:\/\/educharlevoix.ca\/traction-ado\/wp-json\/wp\/v2\/users\/1"}],"replies":[{"embeddable":true,"href":"https:\/\/educharlevoix.ca\/traction-ado\/wp-json\/wp\/v2\/comments?post=777"}],"version-history":[{"count":0,"href":"https:\/\/educharlevoix.ca\/traction-ado\/wp-json\/wp\/v2\/posts\/777\/revisions"}],"wp:attachment":[{"href":"https:\/\/educharlevoix.ca\/traction-ado\/wp-json\/wp\/v2\/media?parent=777"}],"wp:term":[{"taxonomy":"category","embeddable":true,"href":"https:\/\/educharlevoix.ca\/traction-ado\/wp-json\/wp\/v2\/categories?post=777"},{"taxonomy":"post_tag","embeddable":true,"href":"https:\/\/educharlevoix.ca\/traction-ado\/wp-json\/wp\/v2\/tags?post=777"}],"curies":[{"name":"wp","href":"https:\/\/api.w.org\/{rel}","templated":true}]}}