{"id":781,"date":"2017-06-12T10:55:50","date_gmt":"2017-06-12T14:55:50","guid":{"rendered":"http:\/\/educharlevoix.ca\/traction-ado\/?p=781"},"modified":"2017-06-12T10:55:50","modified_gmt":"2017-06-12T14:55:50","slug":"derniere-session-de-formation","status":"publish","type":"post","link":"https:\/\/educharlevoix.ca\/traction-ado\/derniere-session-de-formation\/","title":{"rendered":"Derni\u00e8re session de formation"},"content":{"rendered":"<p>La derni\u00e8re session de formation se tiendra le jeudi 22 Juin. Rendez-vous au stationnement de la plage de Baie Saint Paul \u00e0 8h30. Apportez votre lunch, de l&rsquo;eau, de la protection solaire et votre maillot.<\/p>\n","protected":false},"excerpt":{"rendered":"<p>La derni\u00e8re session de formation se tiendra le jeudi 22 Juin. Rendez-vous au stationnement de la plage de Baie Saint Paul \u00e0 8h30. Apportez votre lunch, de l&rsquo;eau, de la protection solaire et votre maillot.<\/p>\n","protected":false},"author":1,"featured_media":0,"comment_status":"closed","ping_status":"open","sticky":false,"template":"","format":"standard","meta":[],"categories":[3],"tags":[],"_links":{"self":[{"href":"https:\/\/educharlevoix.ca\/traction-ado\/wp-json\/wp\/v2\/posts\/781"}],"collection":[{"href":"https:\/\/educharlevoix.ca\/traction-ado\/wp-json\/wp\/v2\/posts"}],"about":[{"href":"https:\/\/educharlevoix.ca\/traction-ado\/wp-json\/wp\/v2\/types\/post"}],"author":[{"embeddable":true,"href":"https:\/\/educharlevoix.ca\/traction-ado\/wp-json\/wp\/v2\/users\/1"}],"replies":[{"embeddable":true,"href":"https:\/\/educharlevoix.ca\/traction-ado\/wp-json\/wp\/v2\/comments?post=781"}],"version-history":[{"count":0,"href":"https:\/\/educharlevoix.ca\/traction-ado\/wp-json\/wp\/v2\/posts\/781\/revisions"}],"wp:attachment":[{"href":"https:\/\/educharlevoix.ca\/traction-ado\/wp-json\/wp\/v2\/media?parent=781"}],"wp:term":[{"taxonomy":"category","embeddable":true,"href":"https:\/\/educharlevoix.ca\/traction-ado\/wp-json\/wp\/v2\/categories?post=781"},{"taxonomy":"post_tag","embeddable":true,"href":"https:\/\/educharlevoix.ca\/traction-ado\/wp-json\/wp\/v2\/tags?post=781"}],"curies":[{"name":"wp","href":"https:\/\/api.w.org\/{rel}","templated":true}]}}