{"id":80,"date":"2015-10-09T17:55:18","date_gmt":"2015-10-09T17:55:18","guid":{"rendered":"http:\/\/educharlevoix.ca\/traction-ado\/?p=80"},"modified":"2015-10-09T17:55:18","modified_gmt":"2015-10-09T17:55:18","slug":"camp-de-kitesurf-pour-les-jeunes","status":"publish","type":"post","link":"https:\/\/educharlevoix.ca\/traction-ado\/camp-de-kitesurf-pour-les-jeunes\/","title":{"rendered":"Camp de Kitesurf pour les jeunes"},"content":{"rendered":"<p>Depuis pr\u00e8s de 10 ans, en France, des programmes d&rsquo;apprentissage du Kitesurf sont offerts aux milieux scolaires. Les jeunes inscrits dans cette structure sont souvent pr\u00e9sents au championnat de la coupe du monde junior. Voici la vid\u00e9o d&rsquo;un camp sp\u00e9cialis\u00e9 en figures pour les jeunes de 10 \u00e0 17 ans.<\/p>\n","protected":false},"excerpt":{"rendered":"<p>Depuis pr\u00e8s de 10 ans, en France, des programmes d&rsquo;apprentissage du Kitesurf sont offerts aux milieux scolaires. Les jeunes inscrits dans cette structure sont souvent pr\u00e9sents au championnat de la coupe du monde junior. Voici la vid\u00e9o d&rsquo;un camp sp\u00e9cialis\u00e9 en figures pour les jeunes de 10 \u00e0 17 ans.<\/p>\n","protected":false},"author":1,"featured_media":84,"comment_status":"open","ping_status":"open","sticky":false,"template":"","format":"standard","meta":[],"categories":[5],"tags":[],"_links":{"self":[{"href":"https:\/\/educharlevoix.ca\/traction-ado\/wp-json\/wp\/v2\/posts\/80"}],"collection":[{"href":"https:\/\/educharlevoix.ca\/traction-ado\/wp-json\/wp\/v2\/posts"}],"about":[{"href":"https:\/\/educharlevoix.ca\/traction-ado\/wp-json\/wp\/v2\/types\/post"}],"author":[{"embeddable":true,"href":"https:\/\/educharlevoix.ca\/traction-ado\/wp-json\/wp\/v2\/users\/1"}],"replies":[{"embeddable":true,"href":"https:\/\/educharlevoix.ca\/traction-ado\/wp-json\/wp\/v2\/comments?post=80"}],"version-history":[{"count":0,"href":"https:\/\/educharlevoix.ca\/traction-ado\/wp-json\/wp\/v2\/posts\/80\/revisions"}],"wp:featuredmedia":[{"embeddable":true,"href":"https:\/\/educharlevoix.ca\/traction-ado\/wp-json\/wp\/v2\/media\/84"}],"wp:attachment":[{"href":"https:\/\/educharlevoix.ca\/traction-ado\/wp-json\/wp\/v2\/media?parent=80"}],"wp:term":[{"taxonomy":"category","embeddable":true,"href":"https:\/\/educharlevoix.ca\/traction-ado\/wp-json\/wp\/v2\/categories?post=80"},{"taxonomy":"post_tag","embeddable":true,"href":"https:\/\/educharlevoix.ca\/traction-ado\/wp-json\/wp\/v2\/tags?post=80"}],"curies":[{"name":"wp","href":"https:\/\/api.w.org\/{rel}","templated":true}]}}